{"id":10053,"date":"2025-06-23T09:53:47","date_gmt":"2025-06-23T09:53:47","guid":{"rendered":"https:\/\/wpinitiate.com\/echo-test\/demo76e71539\/2025\/06\/23\/arcelormittal-die-co%e2%82%82-reduzierte-stahlproduktion-ist-derzeit-nicht-wirtschaftlich\/"},"modified":"2025-06-23T09:53:47","modified_gmt":"2025-06-23T09:53:47","slug":"arcelormittal-die-co%e2%82%82-reduzierte-stahlproduktion-ist-derzeit-nicht-wirtschaftlich","status":"publish","type":"post","link":"https:\/\/wpinitiate.com\/echo-test\/demo76e71539\/2025\/06\/23\/arcelormittal-die-co%e2%82%82-reduzierte-stahlproduktion-ist-derzeit-nicht-wirtschaftlich\/","title":{"rendered":"ArcelorMittal: \u201eDie CO\u2082-reduzierte Stahlproduktion ist derzeit nicht wirtschaftlich\u201c"},"content":{"rendered":"<p>Der Betriebsratschef vom ArcelorMittal-Werk in Eisenh\u00fcttenstadt \u00e4u\u00dfert Verst\u00e4ndnis f\u00fcr die Entscheidung der Konzernf\u00fchrung, die Pl\u00e4ne zur Dekarbonisierung nicht weiterzuverfolgen. Eine solche Investition w\u00fcrde aktuell das Stahlwerk ruinieren, so Dirk Vogeler.<\/p>\n","protected":false},"excerpt":{"rendered":"<p>Der Betriebsratschef vom ArcelorMittal-Werk in Eisenh\u00fcttenstadt \u00e4u\u00dfert Verst\u00e4ndnis f\u00fcr die Entscheidung der Konzernf\u00fchrung, die Pl\u00e4ne zur Dekarbonisierung nicht weiterzuverfolgen. Eine solche Investition w\u00fcrde aktuell das Stahlwerk ruinieren, so Dirk Vogeler.<\/p>\n","protected":false},"author":1,"featured_media":10054,"comment_status":"open","ping_status":"open","sticky":false,"template":"","format":"standard","meta":{"footnotes":""},"categories":[1],"tags":[],"class_list":["post-10053","post","type-post","status-publish","format-standard","has-post-thumbnail","hentry","category-uncategorized"],"_links":{"self":[{"href":"https:\/\/wpinitiate.com\/echo-test\/demo76e71539\/wp-json\/wp\/v2\/posts\/10053","targetHints":{"allow":["GET"]}}],"collection":[{"href":"https:\/\/wpinitiate.com\/echo-test\/demo76e71539\/wp-json\/wp\/v2\/posts"}],"about":[{"href":"https:\/\/wpinitiate.com\/echo-test\/demo76e71539\/wp-json\/wp\/v2\/types\/post"}],"author":[{"embeddable":true,"href":"https:\/\/wpinitiate.com\/echo-test\/demo76e71539\/wp-json\/wp\/v2\/users\/1"}],"replies":[{"embeddable":true,"href":"https:\/\/wpinitiate.com\/echo-test\/demo76e71539\/wp-json\/wp\/v2\/comments?post=10053"}],"version-history":[{"count":0,"href":"https:\/\/wpinitiate.com\/echo-test\/demo76e71539\/wp-json\/wp\/v2\/posts\/10053\/revisions"}],"wp:featuredmedia":[{"embeddable":true,"href":"https:\/\/wpinitiate.com\/echo-test\/demo76e71539\/wp-json\/wp\/v2\/media\/10054"}],"wp:attachment":[{"href":"https:\/\/wpinitiate.com\/echo-test\/demo76e71539\/wp-json\/wp\/v2\/media?parent=10053"}],"wp:term":[{"taxonomy":"category","embeddable":true,"href":"https:\/\/wpinitiate.com\/echo-test\/demo76e71539\/wp-json\/wp\/v2\/categories?post=10053"},{"taxonomy":"post_tag","embeddable":true,"href":"https:\/\/wpinitiate.com\/echo-test\/demo76e71539\/wp-json\/wp\/v2\/tags?post=10053"}],"curies":[{"name":"wp","href":"https:\/\/api.w.org\/{rel}","templated":true}]}}