{"id":10135,"date":"2025-06-24T15:38:05","date_gmt":"2025-06-24T15:38:05","guid":{"rendered":"https:\/\/wpinitiate.com\/echo-test\/demo76e71539\/2025\/06\/24\/rene-benko-neue-vorwurfe-gegen-signa-chef-veroffentlicht-anklage-zeitnah-moglich\/"},"modified":"2025-06-24T15:38:05","modified_gmt":"2025-06-24T15:38:05","slug":"rene-benko-neue-vorwurfe-gegen-signa-chef-veroffentlicht-anklage-zeitnah-moglich","status":"publish","type":"post","link":"https:\/\/wpinitiate.com\/echo-test\/demo76e71539\/2025\/06\/24\/rene-benko-neue-vorwurfe-gegen-signa-chef-veroffentlicht-anklage-zeitnah-moglich\/","title":{"rendered":"Ren\u00e9 Benko: Neue Vorw\u00fcrfe gegen Signa-Chef ver\u00f6ffentlicht, Anklage zeitnah m\u00f6glich"},"content":{"rendered":"<p>Erste Ermittlungen rund um den Immobilienunternehmer Ren\u00e9 Benko sind abgeschlossen. Die Justiz pr\u00fcft eine m\u00f6gliche Anklage oder die Einstellung des Verfahrens. Nun werden neue Vorw\u00fcrfe publik.<\/p>\n","protected":false},"excerpt":{"rendered":"<p>Erste Ermittlungen rund um den Immobilienunternehmer Ren\u00e9 Benko sind abgeschlossen. Die Justiz pr\u00fcft eine m\u00f6gliche Anklage oder die Einstellung des Verfahrens. Nun werden neue Vorw\u00fcrfe publik.<\/p>\n","protected":false},"author":1,"featured_media":10136,"comment_status":"open","ping_status":"open","sticky":false,"template":"","format":"standard","meta":{"footnotes":""},"categories":[1],"tags":[],"class_list":["post-10135","post","type-post","status-publish","format-standard","has-post-thumbnail","hentry","category-uncategorized"],"_links":{"self":[{"href":"https:\/\/wpinitiate.com\/echo-test\/demo76e71539\/wp-json\/wp\/v2\/posts\/10135","targetHints":{"allow":["GET"]}}],"collection":[{"href":"https:\/\/wpinitiate.com\/echo-test\/demo76e71539\/wp-json\/wp\/v2\/posts"}],"about":[{"href":"https:\/\/wpinitiate.com\/echo-test\/demo76e71539\/wp-json\/wp\/v2\/types\/post"}],"author":[{"embeddable":true,"href":"https:\/\/wpinitiate.com\/echo-test\/demo76e71539\/wp-json\/wp\/v2\/users\/1"}],"replies":[{"embeddable":true,"href":"https:\/\/wpinitiate.com\/echo-test\/demo76e71539\/wp-json\/wp\/v2\/comments?post=10135"}],"version-history":[{"count":0,"href":"https:\/\/wpinitiate.com\/echo-test\/demo76e71539\/wp-json\/wp\/v2\/posts\/10135\/revisions"}],"wp:featuredmedia":[{"embeddable":true,"href":"https:\/\/wpinitiate.com\/echo-test\/demo76e71539\/wp-json\/wp\/v2\/media\/10136"}],"wp:attachment":[{"href":"https:\/\/wpinitiate.com\/echo-test\/demo76e71539\/wp-json\/wp\/v2\/media?parent=10135"}],"wp:term":[{"taxonomy":"category","embeddable":true,"href":"https:\/\/wpinitiate.com\/echo-test\/demo76e71539\/wp-json\/wp\/v2\/categories?post=10135"},{"taxonomy":"post_tag","embeddable":true,"href":"https:\/\/wpinitiate.com\/echo-test\/demo76e71539\/wp-json\/wp\/v2\/tags?post=10135"}],"curies":[{"name":"wp","href":"https:\/\/api.w.org\/{rel}","templated":true}]}}