{"id":10471,"date":"2025-07-01T09:31:17","date_gmt":"2025-07-01T09:31:17","guid":{"rendered":"https:\/\/wpinitiate.com\/echo-test\/demo76e71539\/2025\/07\/01\/m-douglas-naturlich-ist-das-schmerzlich-ceo-sander-van-der-laan-uber-seine-personlichen-aktienverluste\/"},"modified":"2025-07-01T09:31:17","modified_gmt":"2025-07-01T09:31:17","slug":"m-douglas-naturlich-ist-das-schmerzlich-ceo-sander-van-der-laan-uber-seine-personlichen-aktienverluste","status":"publish","type":"post","link":"https:\/\/wpinitiate.com\/echo-test\/demo76e71539\/2025\/07\/01\/m-douglas-naturlich-ist-das-schmerzlich-ceo-sander-van-der-laan-uber-seine-personlichen-aktienverluste\/","title":{"rendered":"(m+) Douglas: \u201eNat\u00fcrlich ist das schmerzlich\u201c \u2013 CEO Sander van der Laan \u00fcber seine pers\u00f6nlichen Aktienverluste"},"content":{"rendered":"<p>Douglas-CEO Sander van der Laan hat Europas gr\u00f6\u00dfte Parf\u00fcmeriekette an die B\u00f6rse gebracht. Doch seither l\u00e4uft es nicht mehr rund. Dem manager magazin erkl\u00e4rt der Niederl\u00e4nder, wie er nun umsteuert, auf interne Kritik reagiert und wie lange er noch bleiben will.<\/p>\n","protected":false},"excerpt":{"rendered":"<p>Douglas-CEO Sander van der Laan hat Europas gr\u00f6\u00dfte Parf\u00fcmeriekette an die B\u00f6rse gebracht. Doch seither l\u00e4uft es nicht mehr rund. Dem manager magazin erkl\u00e4rt der Niederl\u00e4nder, wie er nun umsteuert, auf interne Kritik reagiert und wie lange er noch bleiben will.<\/p>\n","protected":false},"author":1,"featured_media":10472,"comment_status":"open","ping_status":"open","sticky":false,"template":"","format":"standard","meta":{"footnotes":""},"categories":[1],"tags":[],"class_list":["post-10471","post","type-post","status-publish","format-standard","has-post-thumbnail","hentry","category-uncategorized"],"_links":{"self":[{"href":"https:\/\/wpinitiate.com\/echo-test\/demo76e71539\/wp-json\/wp\/v2\/posts\/10471","targetHints":{"allow":["GET"]}}],"collection":[{"href":"https:\/\/wpinitiate.com\/echo-test\/demo76e71539\/wp-json\/wp\/v2\/posts"}],"about":[{"href":"https:\/\/wpinitiate.com\/echo-test\/demo76e71539\/wp-json\/wp\/v2\/types\/post"}],"author":[{"embeddable":true,"href":"https:\/\/wpinitiate.com\/echo-test\/demo76e71539\/wp-json\/wp\/v2\/users\/1"}],"replies":[{"embeddable":true,"href":"https:\/\/wpinitiate.com\/echo-test\/demo76e71539\/wp-json\/wp\/v2\/comments?post=10471"}],"version-history":[{"count":0,"href":"https:\/\/wpinitiate.com\/echo-test\/demo76e71539\/wp-json\/wp\/v2\/posts\/10471\/revisions"}],"wp:featuredmedia":[{"embeddable":true,"href":"https:\/\/wpinitiate.com\/echo-test\/demo76e71539\/wp-json\/wp\/v2\/media\/10472"}],"wp:attachment":[{"href":"https:\/\/wpinitiate.com\/echo-test\/demo76e71539\/wp-json\/wp\/v2\/media?parent=10471"}],"wp:term":[{"taxonomy":"category","embeddable":true,"href":"https:\/\/wpinitiate.com\/echo-test\/demo76e71539\/wp-json\/wp\/v2\/categories?post=10471"},{"taxonomy":"post_tag","embeddable":true,"href":"https:\/\/wpinitiate.com\/echo-test\/demo76e71539\/wp-json\/wp\/v2\/tags?post=10471"}],"curies":[{"name":"wp","href":"https:\/\/api.w.org\/{rel}","templated":true}]}}