{"id":10491,"date":"2025-07-01T13:40:46","date_gmt":"2025-07-01T13:40:46","guid":{"rendered":"https:\/\/wpinitiate.com\/echo-test\/demo76e71539\/2025\/07\/01\/dieselaffare-gericht-stellt-prozess-gegen-ex-vw-chef-winterkorn-vorlaufig-ein\/"},"modified":"2025-07-01T13:40:46","modified_gmt":"2025-07-01T13:40:46","slug":"dieselaffare-gericht-stellt-prozess-gegen-ex-vw-chef-winterkorn-vorlaufig-ein","status":"publish","type":"post","link":"https:\/\/wpinitiate.com\/echo-test\/demo76e71539\/2025\/07\/01\/dieselaffare-gericht-stellt-prozess-gegen-ex-vw-chef-winterkorn-vorlaufig-ein\/","title":{"rendered":"Dieselaff\u00e4re: Gericht stellt Prozess gegen Ex-VW-Chef Winterkorn vorl\u00e4ufig ein"},"content":{"rendered":"<p>Im September 2024 begann in Braunschweig der Strafprozess gegen den fr\u00fcheren Volkswagen-Chef Martin Winterkorn in der Dieselaff\u00e4re. Jetzt stoppte das Gericht das Verfahren \u2013 der Angeklagte gilt krankheitsbedingt als nicht verhandlungsf\u00e4hig.<\/p>\n","protected":false},"excerpt":{"rendered":"<p>Im September 2024 begann in Braunschweig der Strafprozess gegen den fr\u00fcheren Volkswagen-Chef Martin Winterkorn in der Dieselaff\u00e4re. Jetzt stoppte das Gericht das Verfahren \u2013 der Angeklagte gilt krankheitsbedingt als nicht verhandlungsf\u00e4hig.<\/p>\n","protected":false},"author":1,"featured_media":10492,"comment_status":"open","ping_status":"open","sticky":false,"template":"","format":"standard","meta":{"footnotes":""},"categories":[1],"tags":[],"class_list":["post-10491","post","type-post","status-publish","format-standard","has-post-thumbnail","hentry","category-uncategorized"],"_links":{"self":[{"href":"https:\/\/wpinitiate.com\/echo-test\/demo76e71539\/wp-json\/wp\/v2\/posts\/10491","targetHints":{"allow":["GET"]}}],"collection":[{"href":"https:\/\/wpinitiate.com\/echo-test\/demo76e71539\/wp-json\/wp\/v2\/posts"}],"about":[{"href":"https:\/\/wpinitiate.com\/echo-test\/demo76e71539\/wp-json\/wp\/v2\/types\/post"}],"author":[{"embeddable":true,"href":"https:\/\/wpinitiate.com\/echo-test\/demo76e71539\/wp-json\/wp\/v2\/users\/1"}],"replies":[{"embeddable":true,"href":"https:\/\/wpinitiate.com\/echo-test\/demo76e71539\/wp-json\/wp\/v2\/comments?post=10491"}],"version-history":[{"count":0,"href":"https:\/\/wpinitiate.com\/echo-test\/demo76e71539\/wp-json\/wp\/v2\/posts\/10491\/revisions"}],"wp:featuredmedia":[{"embeddable":true,"href":"https:\/\/wpinitiate.com\/echo-test\/demo76e71539\/wp-json\/wp\/v2\/media\/10492"}],"wp:attachment":[{"href":"https:\/\/wpinitiate.com\/echo-test\/demo76e71539\/wp-json\/wp\/v2\/media?parent=10491"}],"wp:term":[{"taxonomy":"category","embeddable":true,"href":"https:\/\/wpinitiate.com\/echo-test\/demo76e71539\/wp-json\/wp\/v2\/categories?post=10491"},{"taxonomy":"post_tag","embeddable":true,"href":"https:\/\/wpinitiate.com\/echo-test\/demo76e71539\/wp-json\/wp\/v2\/tags?post=10491"}],"curies":[{"name":"wp","href":"https:\/\/api.w.org\/{rel}","templated":true}]}}