{"id":10597,"date":"2025-07-03T08:28:37","date_gmt":"2025-07-03T08:28:37","guid":{"rendered":"https:\/\/wpinitiate.com\/echo-test\/demo76e71539\/2025\/07\/03\/stromsteuer-fur-private-verbraucher-wird-vorerst-nicht-gesenkt\/"},"modified":"2025-07-03T08:28:37","modified_gmt":"2025-07-03T08:28:37","slug":"stromsteuer-fur-private-verbraucher-wird-vorerst-nicht-gesenkt","status":"publish","type":"post","link":"https:\/\/wpinitiate.com\/echo-test\/demo76e71539\/2025\/07\/03\/stromsteuer-fur-private-verbraucher-wird-vorerst-nicht-gesenkt\/","title":{"rendered":"Stromsteuer f\u00fcr private Verbraucher wird vorerst nicht gesenkt"},"content":{"rendered":"<p>Stundenlange Verhandlungen im Koalitionsausschuss brachten keine Entlastung f\u00fcr Privathaushalte: Im Streit \u00fcber die H\u00f6he der Stromsteuer sind Union und SPD nicht entscheidend vorangekommen.<\/p>\n","protected":false},"excerpt":{"rendered":"<p>Stundenlange Verhandlungen im Koalitionsausschuss brachten keine Entlastung f\u00fcr Privathaushalte: Im Streit \u00fcber die H\u00f6he der Stromsteuer sind Union und SPD nicht entscheidend vorangekommen.<\/p>\n","protected":false},"author":1,"featured_media":10598,"comment_status":"open","ping_status":"open","sticky":false,"template":"","format":"standard","meta":{"footnotes":""},"categories":[1],"tags":[],"class_list":["post-10597","post","type-post","status-publish","format-standard","has-post-thumbnail","hentry","category-uncategorized"],"_links":{"self":[{"href":"https:\/\/wpinitiate.com\/echo-test\/demo76e71539\/wp-json\/wp\/v2\/posts\/10597","targetHints":{"allow":["GET"]}}],"collection":[{"href":"https:\/\/wpinitiate.com\/echo-test\/demo76e71539\/wp-json\/wp\/v2\/posts"}],"about":[{"href":"https:\/\/wpinitiate.com\/echo-test\/demo76e71539\/wp-json\/wp\/v2\/types\/post"}],"author":[{"embeddable":true,"href":"https:\/\/wpinitiate.com\/echo-test\/demo76e71539\/wp-json\/wp\/v2\/users\/1"}],"replies":[{"embeddable":true,"href":"https:\/\/wpinitiate.com\/echo-test\/demo76e71539\/wp-json\/wp\/v2\/comments?post=10597"}],"version-history":[{"count":0,"href":"https:\/\/wpinitiate.com\/echo-test\/demo76e71539\/wp-json\/wp\/v2\/posts\/10597\/revisions"}],"wp:featuredmedia":[{"embeddable":true,"href":"https:\/\/wpinitiate.com\/echo-test\/demo76e71539\/wp-json\/wp\/v2\/media\/10598"}],"wp:attachment":[{"href":"https:\/\/wpinitiate.com\/echo-test\/demo76e71539\/wp-json\/wp\/v2\/media?parent=10597"}],"wp:term":[{"taxonomy":"category","embeddable":true,"href":"https:\/\/wpinitiate.com\/echo-test\/demo76e71539\/wp-json\/wp\/v2\/categories?post=10597"},{"taxonomy":"post_tag","embeddable":true,"href":"https:\/\/wpinitiate.com\/echo-test\/demo76e71539\/wp-json\/wp\/v2\/tags?post=10597"}],"curies":[{"name":"wp","href":"https:\/\/api.w.org\/{rel}","templated":true}]}}