{"id":10691,"date":"2025-07-04T13:36:56","date_gmt":"2025-07-04T13:36:56","guid":{"rendered":"https:\/\/wpinitiate.com\/echo-test\/demo76e71539\/2025\/07\/04\/m-gunnar-kilian-volkswagen-personalvorstand-geht-das-sind-die-hintergrunde\/"},"modified":"2025-07-04T13:36:56","modified_gmt":"2025-07-04T13:36:56","slug":"m-gunnar-kilian-volkswagen-personalvorstand-geht-das-sind-die-hintergrunde","status":"publish","type":"post","link":"https:\/\/wpinitiate.com\/echo-test\/demo76e71539\/2025\/07\/04\/m-gunnar-kilian-volkswagen-personalvorstand-geht-das-sind-die-hintergrunde\/","title":{"rendered":"(m+) Gunnar Kilian: Volkswagen-Personalvorstand geht \u2013 das sind die Hintergr\u00fcnde"},"content":{"rendered":"<p>Gunnar Kilian hat die Volkswagen AG gepr\u00e4gt wie wenige andere. Erst als Vertreter der Arbeitnehmer, dann als Personalvorstand. Dass er geht, ersch\u00fcttert diesen Konzern. Kilian geriet zuletzt h\u00e4ufiger mit anderen M\u00e4chtigen beim Autobauer aneinander.<\/p>\n","protected":false},"excerpt":{"rendered":"<p>Gunnar Kilian hat die Volkswagen AG gepr\u00e4gt wie wenige andere. Erst als Vertreter der Arbeitnehmer, dann als Personalvorstand. Dass er geht, ersch\u00fcttert diesen Konzern. Kilian geriet zuletzt h\u00e4ufiger mit anderen M\u00e4chtigen beim Autobauer aneinander.<\/p>\n","protected":false},"author":1,"featured_media":10692,"comment_status":"open","ping_status":"open","sticky":false,"template":"","format":"standard","meta":{"footnotes":""},"categories":[1],"tags":[],"class_list":["post-10691","post","type-post","status-publish","format-standard","has-post-thumbnail","hentry","category-uncategorized"],"_links":{"self":[{"href":"https:\/\/wpinitiate.com\/echo-test\/demo76e71539\/wp-json\/wp\/v2\/posts\/10691","targetHints":{"allow":["GET"]}}],"collection":[{"href":"https:\/\/wpinitiate.com\/echo-test\/demo76e71539\/wp-json\/wp\/v2\/posts"}],"about":[{"href":"https:\/\/wpinitiate.com\/echo-test\/demo76e71539\/wp-json\/wp\/v2\/types\/post"}],"author":[{"embeddable":true,"href":"https:\/\/wpinitiate.com\/echo-test\/demo76e71539\/wp-json\/wp\/v2\/users\/1"}],"replies":[{"embeddable":true,"href":"https:\/\/wpinitiate.com\/echo-test\/demo76e71539\/wp-json\/wp\/v2\/comments?post=10691"}],"version-history":[{"count":0,"href":"https:\/\/wpinitiate.com\/echo-test\/demo76e71539\/wp-json\/wp\/v2\/posts\/10691\/revisions"}],"wp:featuredmedia":[{"embeddable":true,"href":"https:\/\/wpinitiate.com\/echo-test\/demo76e71539\/wp-json\/wp\/v2\/media\/10692"}],"wp:attachment":[{"href":"https:\/\/wpinitiate.com\/echo-test\/demo76e71539\/wp-json\/wp\/v2\/media?parent=10691"}],"wp:term":[{"taxonomy":"category","embeddable":true,"href":"https:\/\/wpinitiate.com\/echo-test\/demo76e71539\/wp-json\/wp\/v2\/categories?post=10691"},{"taxonomy":"post_tag","embeddable":true,"href":"https:\/\/wpinitiate.com\/echo-test\/demo76e71539\/wp-json\/wp\/v2\/tags?post=10691"}],"curies":[{"name":"wp","href":"https:\/\/api.w.org\/{rel}","templated":true}]}}