{"id":10905,"date":"2025-07-09T07:32:38","date_gmt":"2025-07-09T07:32:38","guid":{"rendered":"https:\/\/wpinitiate.com\/echo-test\/demo76e71539\/2025\/07\/09\/fuhrungswechsel-bei-apple-ceo-tim-cook-macht-design-zur-chefsache\/"},"modified":"2025-07-09T07:32:38","modified_gmt":"2025-07-09T07:32:38","slug":"fuhrungswechsel-bei-apple-ceo-tim-cook-macht-design-zur-chefsache","status":"publish","type":"post","link":"https:\/\/wpinitiate.com\/echo-test\/demo76e71539\/2025\/07\/09\/fuhrungswechsel-bei-apple-ceo-tim-cook-macht-design-zur-chefsache\/","title":{"rendered":"F\u00fchrungswechsel bei Apple: CEO Tim Cook macht Design zur Chefsache"},"content":{"rendered":"<p>F\u00fchrungswechsel in schwierigen Zeiten: Einer der einflussreichsten Apple-Manager, der bisherige COO Jeff Williams, geht. Die Aufsicht \u00fcber Produktion und Lieferketten \u00fcbernimmt ein Vertrauter von Tim Cook \u2013 die legend\u00e4re Designabteilung f\u00fchrt der CEO k\u00fcnftig selbst.<\/p>\n","protected":false},"excerpt":{"rendered":"<p>F\u00fchrungswechsel in schwierigen Zeiten: Einer der einflussreichsten Apple-Manager, der bisherige COO Jeff Williams, geht. Die Aufsicht \u00fcber Produktion und Lieferketten \u00fcbernimmt ein Vertrauter von Tim Cook \u2013 die legend\u00e4re Designabteilung f\u00fchrt der CEO k\u00fcnftig selbst.<\/p>\n","protected":false},"author":1,"featured_media":10906,"comment_status":"open","ping_status":"open","sticky":false,"template":"","format":"standard","meta":{"footnotes":""},"categories":[1],"tags":[],"class_list":["post-10905","post","type-post","status-publish","format-standard","has-post-thumbnail","hentry","category-uncategorized"],"_links":{"self":[{"href":"https:\/\/wpinitiate.com\/echo-test\/demo76e71539\/wp-json\/wp\/v2\/posts\/10905","targetHints":{"allow":["GET"]}}],"collection":[{"href":"https:\/\/wpinitiate.com\/echo-test\/demo76e71539\/wp-json\/wp\/v2\/posts"}],"about":[{"href":"https:\/\/wpinitiate.com\/echo-test\/demo76e71539\/wp-json\/wp\/v2\/types\/post"}],"author":[{"embeddable":true,"href":"https:\/\/wpinitiate.com\/echo-test\/demo76e71539\/wp-json\/wp\/v2\/users\/1"}],"replies":[{"embeddable":true,"href":"https:\/\/wpinitiate.com\/echo-test\/demo76e71539\/wp-json\/wp\/v2\/comments?post=10905"}],"version-history":[{"count":0,"href":"https:\/\/wpinitiate.com\/echo-test\/demo76e71539\/wp-json\/wp\/v2\/posts\/10905\/revisions"}],"wp:featuredmedia":[{"embeddable":true,"href":"https:\/\/wpinitiate.com\/echo-test\/demo76e71539\/wp-json\/wp\/v2\/media\/10906"}],"wp:attachment":[{"href":"https:\/\/wpinitiate.com\/echo-test\/demo76e71539\/wp-json\/wp\/v2\/media?parent=10905"}],"wp:term":[{"taxonomy":"category","embeddable":true,"href":"https:\/\/wpinitiate.com\/echo-test\/demo76e71539\/wp-json\/wp\/v2\/categories?post=10905"},{"taxonomy":"post_tag","embeddable":true,"href":"https:\/\/wpinitiate.com\/echo-test\/demo76e71539\/wp-json\/wp\/v2\/tags?post=10905"}],"curies":[{"name":"wp","href":"https:\/\/api.w.org\/{rel}","templated":true}]}}