{"id":11159,"date":"2025-07-14T10:46:44","date_gmt":"2025-07-14T10:46:44","guid":{"rendered":"https:\/\/wpinitiate.com\/echo-test\/demo76e71539\/2025\/07\/14\/politisches-engagement-von-fuhrungskraften-die-jungen-wollen-nicht-schweigen\/"},"modified":"2025-07-14T10:46:44","modified_gmt":"2025-07-14T10:46:44","slug":"politisches-engagement-von-fuhrungskraften-die-jungen-wollen-nicht-schweigen","status":"publish","type":"post","link":"https:\/\/wpinitiate.com\/echo-test\/demo76e71539\/2025\/07\/14\/politisches-engagement-von-fuhrungskraften-die-jungen-wollen-nicht-schweigen\/","title":{"rendered":"Politisches Engagement von F\u00fchrungskr\u00e4ften: Die Jungen wollen nicht schweigen"},"content":{"rendered":"<p>Nachwuchsmanager und \u00e4ltere F\u00fchrungskr\u00e4fte haben sehr unterschiedliche Meinungen zu politischem Aktivismus. Das zeigt eine Umfrage des St. Gallen Symposiums: Die unter 35-J\u00e4hrigen w\u00fcnschen sich von ihrem Unternehmen seltener Neutralit\u00e4t als die Senior Executives.<\/p>\n","protected":false},"excerpt":{"rendered":"<p>Nachwuchsmanager und \u00e4ltere F\u00fchrungskr\u00e4fte haben sehr unterschiedliche Meinungen zu politischem Aktivismus. Das zeigt eine Umfrage des St. Gallen Symposiums: Die unter 35-J\u00e4hrigen w\u00fcnschen sich von ihrem Unternehmen seltener Neutralit\u00e4t als die Senior Executives.<\/p>\n","protected":false},"author":1,"featured_media":11160,"comment_status":"open","ping_status":"open","sticky":false,"template":"","format":"standard","meta":{"footnotes":""},"categories":[1],"tags":[],"class_list":["post-11159","post","type-post","status-publish","format-standard","has-post-thumbnail","hentry","category-uncategorized"],"_links":{"self":[{"href":"https:\/\/wpinitiate.com\/echo-test\/demo76e71539\/wp-json\/wp\/v2\/posts\/11159","targetHints":{"allow":["GET"]}}],"collection":[{"href":"https:\/\/wpinitiate.com\/echo-test\/demo76e71539\/wp-json\/wp\/v2\/posts"}],"about":[{"href":"https:\/\/wpinitiate.com\/echo-test\/demo76e71539\/wp-json\/wp\/v2\/types\/post"}],"author":[{"embeddable":true,"href":"https:\/\/wpinitiate.com\/echo-test\/demo76e71539\/wp-json\/wp\/v2\/users\/1"}],"replies":[{"embeddable":true,"href":"https:\/\/wpinitiate.com\/echo-test\/demo76e71539\/wp-json\/wp\/v2\/comments?post=11159"}],"version-history":[{"count":0,"href":"https:\/\/wpinitiate.com\/echo-test\/demo76e71539\/wp-json\/wp\/v2\/posts\/11159\/revisions"}],"wp:featuredmedia":[{"embeddable":true,"href":"https:\/\/wpinitiate.com\/echo-test\/demo76e71539\/wp-json\/wp\/v2\/media\/11160"}],"wp:attachment":[{"href":"https:\/\/wpinitiate.com\/echo-test\/demo76e71539\/wp-json\/wp\/v2\/media?parent=11159"}],"wp:term":[{"taxonomy":"category","embeddable":true,"href":"https:\/\/wpinitiate.com\/echo-test\/demo76e71539\/wp-json\/wp\/v2\/categories?post=11159"},{"taxonomy":"post_tag","embeddable":true,"href":"https:\/\/wpinitiate.com\/echo-test\/demo76e71539\/wp-json\/wp\/v2\/tags?post=11159"}],"curies":[{"name":"wp","href":"https:\/\/api.w.org\/{rel}","templated":true}]}}