{"id":11287,"date":"2025-07-16T15:31:42","date_gmt":"2025-07-16T15:31:42","guid":{"rendered":"https:\/\/wpinitiate.com\/echo-test\/demo76e71539\/2025\/07\/16\/steigerung-um-rund-50-prozent-eu-kommission-will-eu-haushalt-auf-2-billionen-euro-erhohen\/"},"modified":"2025-07-16T15:31:42","modified_gmt":"2025-07-16T15:31:42","slug":"steigerung-um-rund-50-prozent-eu-kommission-will-eu-haushalt-auf-2-billionen-euro-erhohen","status":"publish","type":"post","link":"https:\/\/wpinitiate.com\/echo-test\/demo76e71539\/2025\/07\/16\/steigerung-um-rund-50-prozent-eu-kommission-will-eu-haushalt-auf-2-billionen-euro-erhohen\/","title":{"rendered":"Steigerung um rund 50 Prozent: EU-Kommission will EU-Haushalt auf 2 Billionen Euro erh\u00f6hen"},"content":{"rendered":"<p>Geopolitische Spannungen und erh\u00f6htes Sicherheitsbed\u00fcrfnis machen sich auch auf EU-Ebene bemerkbar: Kommissionspr\u00e4sidentin Ursula von der Leyen schl\u00e4gt eine Erh\u00f6hung des Budgets um 700 Milliarden Euro vor. Neben den Mitgliedstaaten will sie auch Unternehmen zur Kasse bitten.<\/p>\n","protected":false},"excerpt":{"rendered":"<p>Geopolitische Spannungen und erh\u00f6htes Sicherheitsbed\u00fcrfnis machen sich auch auf EU-Ebene bemerkbar: Kommissionspr\u00e4sidentin Ursula von der Leyen schl\u00e4gt eine Erh\u00f6hung des Budgets um 700 Milliarden Euro vor. Neben den Mitgliedstaaten will sie auch Unternehmen zur Kasse bitten.<\/p>\n","protected":false},"author":1,"featured_media":11288,"comment_status":"open","ping_status":"open","sticky":false,"template":"","format":"standard","meta":{"footnotes":""},"categories":[1],"tags":[],"class_list":["post-11287","post","type-post","status-publish","format-standard","has-post-thumbnail","hentry","category-uncategorized"],"_links":{"self":[{"href":"https:\/\/wpinitiate.com\/echo-test\/demo76e71539\/wp-json\/wp\/v2\/posts\/11287","targetHints":{"allow":["GET"]}}],"collection":[{"href":"https:\/\/wpinitiate.com\/echo-test\/demo76e71539\/wp-json\/wp\/v2\/posts"}],"about":[{"href":"https:\/\/wpinitiate.com\/echo-test\/demo76e71539\/wp-json\/wp\/v2\/types\/post"}],"author":[{"embeddable":true,"href":"https:\/\/wpinitiate.com\/echo-test\/demo76e71539\/wp-json\/wp\/v2\/users\/1"}],"replies":[{"embeddable":true,"href":"https:\/\/wpinitiate.com\/echo-test\/demo76e71539\/wp-json\/wp\/v2\/comments?post=11287"}],"version-history":[{"count":0,"href":"https:\/\/wpinitiate.com\/echo-test\/demo76e71539\/wp-json\/wp\/v2\/posts\/11287\/revisions"}],"wp:featuredmedia":[{"embeddable":true,"href":"https:\/\/wpinitiate.com\/echo-test\/demo76e71539\/wp-json\/wp\/v2\/media\/11288"}],"wp:attachment":[{"href":"https:\/\/wpinitiate.com\/echo-test\/demo76e71539\/wp-json\/wp\/v2\/media?parent=11287"}],"wp:term":[{"taxonomy":"category","embeddable":true,"href":"https:\/\/wpinitiate.com\/echo-test\/demo76e71539\/wp-json\/wp\/v2\/categories?post=11287"},{"taxonomy":"post_tag","embeddable":true,"href":"https:\/\/wpinitiate.com\/echo-test\/demo76e71539\/wp-json\/wp\/v2\/tags?post=11287"}],"curies":[{"name":"wp","href":"https:\/\/api.w.org\/{rel}","templated":true}]}}