{"id":11695,"date":"2025-07-24T09:28:56","date_gmt":"2025-07-24T09:28:56","guid":{"rendered":"https:\/\/wpinitiate.com\/echo-test\/demo76e71539\/2025\/07\/24\/m-merck-kai-beckmann-soll-neuer-chef-nach-belen-garijos-rucktritt-werden\/"},"modified":"2025-07-24T09:28:56","modified_gmt":"2025-07-24T09:28:56","slug":"m-merck-kai-beckmann-soll-neuer-chef-nach-belen-garijos-rucktritt-werden","status":"publish","type":"post","link":"https:\/\/wpinitiate.com\/echo-test\/demo76e71539\/2025\/07\/24\/m-merck-kai-beckmann-soll-neuer-chef-nach-belen-garijos-rucktritt-werden\/","title":{"rendered":"(m+) Merck: Kai Beckmann soll neuer Chef nach Bel\u00e9n Garijos R\u00fccktritt werden"},"content":{"rendered":"<p>Nach f\u00fcnf Jahren an der Spitze des Pharma- und Chemiemultis Merck tritt Bel\u00e9n Garijo 2026 ab. Als Nachfolger f\u00fcr die Dax-Chefin setzen die Eigent\u00fcmer wohl auf einen 59-j\u00e4hrigen Routinier. Seine Startbedingungen k\u00f6nnten besser sein.<\/p>\n","protected":false},"excerpt":{"rendered":"<p>Nach f\u00fcnf Jahren an der Spitze des Pharma- und Chemiemultis Merck tritt Bel\u00e9n Garijo 2026 ab. Als Nachfolger f\u00fcr die Dax-Chefin setzen die Eigent\u00fcmer wohl auf einen 59-j\u00e4hrigen Routinier. Seine Startbedingungen k\u00f6nnten besser sein.<\/p>\n","protected":false},"author":1,"featured_media":11696,"comment_status":"open","ping_status":"open","sticky":false,"template":"","format":"standard","meta":{"footnotes":""},"categories":[1],"tags":[],"class_list":["post-11695","post","type-post","status-publish","format-standard","has-post-thumbnail","hentry","category-uncategorized"],"_links":{"self":[{"href":"https:\/\/wpinitiate.com\/echo-test\/demo76e71539\/wp-json\/wp\/v2\/posts\/11695","targetHints":{"allow":["GET"]}}],"collection":[{"href":"https:\/\/wpinitiate.com\/echo-test\/demo76e71539\/wp-json\/wp\/v2\/posts"}],"about":[{"href":"https:\/\/wpinitiate.com\/echo-test\/demo76e71539\/wp-json\/wp\/v2\/types\/post"}],"author":[{"embeddable":true,"href":"https:\/\/wpinitiate.com\/echo-test\/demo76e71539\/wp-json\/wp\/v2\/users\/1"}],"replies":[{"embeddable":true,"href":"https:\/\/wpinitiate.com\/echo-test\/demo76e71539\/wp-json\/wp\/v2\/comments?post=11695"}],"version-history":[{"count":0,"href":"https:\/\/wpinitiate.com\/echo-test\/demo76e71539\/wp-json\/wp\/v2\/posts\/11695\/revisions"}],"wp:featuredmedia":[{"embeddable":true,"href":"https:\/\/wpinitiate.com\/echo-test\/demo76e71539\/wp-json\/wp\/v2\/media\/11696"}],"wp:attachment":[{"href":"https:\/\/wpinitiate.com\/echo-test\/demo76e71539\/wp-json\/wp\/v2\/media?parent=11695"}],"wp:term":[{"taxonomy":"category","embeddable":true,"href":"https:\/\/wpinitiate.com\/echo-test\/demo76e71539\/wp-json\/wp\/v2\/categories?post=11695"},{"taxonomy":"post_tag","embeddable":true,"href":"https:\/\/wpinitiate.com\/echo-test\/demo76e71539\/wp-json\/wp\/v2\/tags?post=11695"}],"curies":[{"name":"wp","href":"https:\/\/api.w.org\/{rel}","templated":true}]}}