{"id":11707,"date":"2025-07-24T12:34:26","date_gmt":"2025-07-24T12:34:26","guid":{"rendered":"https:\/\/wpinitiate.com\/echo-test\/demo76e71539\/2025\/07\/24\/m-daimler-truck-5000-jobs-weg-der-betriebsratschef-michael-brecht-zweifelt-das-vorstandsziel-an\/"},"modified":"2025-07-24T12:34:26","modified_gmt":"2025-07-24T12:34:26","slug":"m-daimler-truck-5000-jobs-weg-der-betriebsratschef-michael-brecht-zweifelt-das-vorstandsziel-an","status":"publish","type":"post","link":"https:\/\/wpinitiate.com\/echo-test\/demo76e71539\/2025\/07\/24\/m-daimler-truck-5000-jobs-weg-der-betriebsratschef-michael-brecht-zweifelt-das-vorstandsziel-an\/","title":{"rendered":"(m+) Daimler Truck: 5000 Jobs weg? Der Betriebsratschef Michael Brecht zweifelt das Vorstandsziel an"},"content":{"rendered":"<p>5000 Stellen sollen wegfallen bei Daimler Truck? Betriebsratschef Michael Brecht zweifelt die Berechnungen des Vorstands an. Im Interview erkl\u00e4rt er seine Besorgnis und warum er auf Widerstand geschaltet hat. Doch Brecht baut auch eine Br\u00fccke f\u00fcr Verst\u00e4ndigung.<\/p>\n","protected":false},"excerpt":{"rendered":"<p>5000 Stellen sollen wegfallen bei Daimler Truck? Betriebsratschef Michael Brecht zweifelt die Berechnungen des Vorstands an. Im Interview erkl\u00e4rt er seine Besorgnis und warum er auf Widerstand geschaltet hat. Doch Brecht baut auch eine Br\u00fccke f\u00fcr Verst\u00e4ndigung.<\/p>\n","protected":false},"author":1,"featured_media":11708,"comment_status":"open","ping_status":"open","sticky":false,"template":"","format":"standard","meta":{"footnotes":""},"categories":[1],"tags":[],"class_list":["post-11707","post","type-post","status-publish","format-standard","has-post-thumbnail","hentry","category-uncategorized"],"_links":{"self":[{"href":"https:\/\/wpinitiate.com\/echo-test\/demo76e71539\/wp-json\/wp\/v2\/posts\/11707","targetHints":{"allow":["GET"]}}],"collection":[{"href":"https:\/\/wpinitiate.com\/echo-test\/demo76e71539\/wp-json\/wp\/v2\/posts"}],"about":[{"href":"https:\/\/wpinitiate.com\/echo-test\/demo76e71539\/wp-json\/wp\/v2\/types\/post"}],"author":[{"embeddable":true,"href":"https:\/\/wpinitiate.com\/echo-test\/demo76e71539\/wp-json\/wp\/v2\/users\/1"}],"replies":[{"embeddable":true,"href":"https:\/\/wpinitiate.com\/echo-test\/demo76e71539\/wp-json\/wp\/v2\/comments?post=11707"}],"version-history":[{"count":0,"href":"https:\/\/wpinitiate.com\/echo-test\/demo76e71539\/wp-json\/wp\/v2\/posts\/11707\/revisions"}],"wp:featuredmedia":[{"embeddable":true,"href":"https:\/\/wpinitiate.com\/echo-test\/demo76e71539\/wp-json\/wp\/v2\/media\/11708"}],"wp:attachment":[{"href":"https:\/\/wpinitiate.com\/echo-test\/demo76e71539\/wp-json\/wp\/v2\/media?parent=11707"}],"wp:term":[{"taxonomy":"category","embeddable":true,"href":"https:\/\/wpinitiate.com\/echo-test\/demo76e71539\/wp-json\/wp\/v2\/categories?post=11707"},{"taxonomy":"post_tag","embeddable":true,"href":"https:\/\/wpinitiate.com\/echo-test\/demo76e71539\/wp-json\/wp\/v2\/tags?post=11707"}],"curies":[{"name":"wp","href":"https:\/\/api.w.org\/{rel}","templated":true}]}}