{"id":11853,"date":"2025-07-27T18:34:46","date_gmt":"2025-07-27T18:34:46","guid":{"rendered":"https:\/\/wpinitiate.com\/echo-test\/demo76e71539\/2025\/07\/27\/sunderland-consider-move-for-this-emerging-italian-centre-back-why-le-bris-must-make-the-call\/"},"modified":"2025-07-27T18:34:46","modified_gmt":"2025-07-27T18:34:46","slug":"sunderland-consider-move-for-this-emerging-italian-centre-back-why-le-bris-must-make-the-call","status":"publish","type":"post","link":"https:\/\/wpinitiate.com\/echo-test\/demo76e71539\/2025\/07\/27\/sunderland-consider-move-for-this-emerging-italian-centre-back-why-le-bris-must-make-the-call\/","title":{"rendered":"Sunderland Consider Move For This Emerging Italian Centre-back: Why Le Bris Must Make The Call"},"content":{"rendered":"<div>\n<p>If a recent report from\u00a0<span><a href=\"https:\/\/www.footitalia.com\/news\/sunderland-transfer-news-lorenzo-pirola\/\" target=\"_blank\" rel=\"noopener\">FootItalia\u00a0<\/a>is<\/span> believed to be true, Premier League newcomers Sunderland have identified Lorenzo Pirola as one of their summer targets. They are keen on bolstering their backline, having been linked with several centre-backs throughout the window, and the Olympiacos youngster, valued at around \u20ac25m, is now high on their agenda.<\/p>\n<p>The 23-year-old Italy U21 skipper progressed through the academy ranks of Casatese, Missaglia, COSOV, and Luciano Manara before being roped in by Inter Milan. After progressing through their esteemed youth set-up, he made his senior debut back in July 2020. However, the Serie A giants sent him on loan to Monza for the next two seasons in the second tier of Italian football.<\/p>\n<p>While his minutes in Lombardy were limited through injuries, Pirola played a key role in their top-flight promotion towards the closure of the 2021-22 campaign. He returned to Inter but was roped in by Salernitana, initially on a season-long loan. The Serie A side triggered the option-to-buy clause to snap him up on permanent terms, but their relegation last year saw the young centre-half ply his trade to Greece with Olympiacos.<\/p>\n<h3><strong>What He Would Offer At The Stadium of Light<\/strong><\/h3>\n<p>The Azzurri prodigy featured 33 times in all competitions and was also instrumental to last season\u2019s Super League and Greek Cup triumphs. Primarily left-footed, he has also been deployed as a makeshift left fullback. Also, his ability to operate from the left in a \u2018back three\u2019 would allow Regis Le Bris to tweak his strategy and formation by bringing Pirola\u2019s flexibility into play.<\/p>\n<figure id=\"attachment_327992\" aria-describedby=\"caption-attachment-327992\"><img loading=\"lazy\" data-lazyloaded=\"1\" decoding=\"async\" src=\"https:\/\/the4thofficial.net\/wp-content\/uploads\/2025\/07\/us-salernitana-v-us-sassuolo-serie-a-tim-scaled.jpg\" alt=\"Sunderland target Pirola in action against Sassuolo \" width=\"2560\" height=\"1707\" srcset=\"https:\/\/the4thofficial.net\/wp-content\/uploads\/2025\/07\/us-salernitana-v-us-sassuolo-serie-a-tim-scaled.jpg 2560w, https:\/\/the4thofficial.net\/wp-content\/uploads\/2025\/07\/us-salernitana-v-us-sassuolo-serie-a-tim-300x200.jpg 300w, https:\/\/the4thofficial.net\/wp-content\/uploads\/2025\/07\/us-salernitana-v-us-sassuolo-serie-a-tim-1024x683.jpg 1024w, https:\/\/the4thofficial.net\/wp-content\/uploads\/2025\/07\/us-salernitana-v-us-sassuolo-serie-a-tim-768x512.jpg 768w, https:\/\/the4thofficial.net\/wp-content\/uploads\/2025\/07\/us-salernitana-v-us-sassuolo-serie-a-tim-1536x1024.jpg 1536w, https:\/\/the4thofficial.net\/wp-content\/uploads\/2025\/07\/us-salernitana-v-us-sassuolo-serie-a-tim-2048x1365.jpg 2048w, https:\/\/the4thofficial.net\/wp-content\/uploads\/2025\/07\/us-salernitana-v-us-sassuolo-serie-a-tim-150x100.jpg 150w, https:\/\/the4thofficial.net\/wp-content\/uploads\/2025\/07\/us-salernitana-v-us-sassuolo-serie-a-tim-600x400.jpg 600w, https:\/\/the4thofficial.net\/wp-content\/uploads\/2025\/07\/us-salernitana-v-us-sassuolo-serie-a-tim-696x464.jpg 696w, https:\/\/the4thofficial.net\/wp-content\/uploads\/2025\/07\/us-salernitana-v-us-sassuolo-serie-a-tim-1392x928.jpg 1392w, https:\/\/the4thofficial.net\/wp-content\/uploads\/2025\/07\/us-salernitana-v-us-sassuolo-serie-a-tim-1068x712.jpg 1068w, https:\/\/the4thofficial.net\/wp-content\/uploads\/2025\/07\/us-salernitana-v-us-sassuolo-serie-a-tim-1920x1280.jpg 1920w, https:\/\/the4thofficial.net\/wp-content\/uploads\/2025\/07\/us-salernitana-v-us-sassuolo-serie-a-tim-630x420.jpg 630w, https:\/\/the4thofficial.net\/wp-content\/uploads\/2025\/07\/us-salernitana-v-us-sassuolo-serie-a-tim-1260x840.jpg 1260w\" data-sizes=\"(max-width: 2560px) 100vw, 2560px\"><figcaption id=\"caption-attachment-327992\">SALERNO, ITALY \u2013 APRIL 05: Nedim Bajrami of US Sassuolo battles for possession with Lorenzo Pirola of US Salernitana during the Serie A TIM match between US Salernitana and US Sassuolo \u2013 Serie A TIM at Stadio Arechi on April 05, 2024 in Salerno, Italy. (Photo by Francesco Pecoraro\/Getty Images) (Photo by Francesco Pecoraro\/Getty Images)<\/figcaption><\/figure>\n<p><a href=\"https:\/\/the4thofficial.net\/category\/leagues\/english-championship\/sunderland\/\">Sunderland<\/a> are having a busy summer since scripting a dramatic Premier League return. They lost Jobe Bellingham and Tom Watson, but have spent more than \u00a3100m already to find the right balance between youth and experience.<\/p>\n<h3><strong>Why Sunderland Must Script Defensive Reinforcements<\/strong><\/h3>\n<p>Despite bolstering their midfield and attacking third, veteran left-back Reinildo Mandava has been their only defensive recruitment so far this summer. The former Atletico Madrid star, roped in on a Bosman, should make it to the starting XI until Dennis Cirkin returns from his injury; however, skipper Luke O\u2019Nien, along with the young defensive duo Aji Alese and Leo Hjelde, are also nursing their respective fitness concerns. They have not brought Chris Mepham back, even though the Welshman had a productive stint on loan from Bournemouth, thus heavily reliant on Daniel Ballard in their ongoing pre-season.<\/p>\n<p>Timoth\u00e9e Pemb\u00e9l\u00e9, Jenson Seelt and <span>Nectarios Triantis are training with the Black Cats for now, but the Wearsiders are <a href=\"https:\/\/the4thofficial.net\/2025\/07\/sunderland-eye-ambitious-move-for-this-serie-a-centre-back-why-they-must-get-the-deal-done\/\">actively<\/a> looking for a new central defender, with Bologna\u2019s Jhon Lucum\u00ed and Bafod\u00e9 Diakit\u00e9 of Lille also being on their wishlist. It remains to be seen how desperate they are for Pirola before the season kicks off in a couple of weeks.<\/span><\/p>\n<\/div>\n","protected":false},"excerpt":{"rendered":"<p>If a recent report from\u00a0FootItalia\u00a0is believed to be true, Premier League newcomers Sunderland have identified Lorenzo Pirola as one of their summer targets. They are keen on bolstering their backline, having been linked with several centre-backs throughout the window, and the Olympiacos youngster, valued at around \u20ac25m, is now high on their agenda. The 23-year-old [&hellip;]<\/p>\n","protected":false},"author":12953,"featured_media":11854,"comment_status":"open","ping_status":"open","sticky":false,"template":"","format":"standard","meta":{"footnotes":""},"categories":[1],"tags":[],"class_list":["post-11853","post","type-post","status-publish","format-standard","has-post-thumbnail","hentry","category-uncategorized"],"_links":{"self":[{"href":"https:\/\/wpinitiate.com\/echo-test\/demo76e71539\/wp-json\/wp\/v2\/posts\/11853","targetHints":{"allow":["GET"]}}],"collection":[{"href":"https:\/\/wpinitiate.com\/echo-test\/demo76e71539\/wp-json\/wp\/v2\/posts"}],"about":[{"href":"https:\/\/wpinitiate.com\/echo-test\/demo76e71539\/wp-json\/wp\/v2\/types\/post"}],"author":[{"embeddable":true,"href":"https:\/\/wpinitiate.com\/echo-test\/demo76e71539\/wp-json\/wp\/v2\/users\/12953"}],"replies":[{"embeddable":true,"href":"https:\/\/wpinitiate.com\/echo-test\/demo76e71539\/wp-json\/wp\/v2\/comments?post=11853"}],"version-history":[{"count":0,"href":"https:\/\/wpinitiate.com\/echo-test\/demo76e71539\/wp-json\/wp\/v2\/posts\/11853\/revisions"}],"wp:featuredmedia":[{"embeddable":true,"href":"https:\/\/wpinitiate.com\/echo-test\/demo76e71539\/wp-json\/wp\/v2\/media\/11854"}],"wp:attachment":[{"href":"https:\/\/wpinitiate.com\/echo-test\/demo76e71539\/wp-json\/wp\/v2\/media?parent=11853"}],"wp:term":[{"taxonomy":"category","embeddable":true,"href":"https:\/\/wpinitiate.com\/echo-test\/demo76e71539\/wp-json\/wp\/v2\/categories?post=11853"},{"taxonomy":"post_tag","embeddable":true,"href":"https:\/\/wpinitiate.com\/echo-test\/demo76e71539\/wp-json\/wp\/v2\/tags?post=11853"}],"curies":[{"name":"wp","href":"https:\/\/api.w.org\/{rel}","templated":true}]}}