{"id":11887,"date":"2025-07-28T09:33:27","date_gmt":"2025-07-28T09:33:27","guid":{"rendered":"https:\/\/wpinitiate.com\/echo-test\/demo76e71539\/2025\/07\/28\/m-henkel-transformation-ceo-denkt-uber-akquisitionen-nach\/"},"modified":"2025-07-28T09:33:27","modified_gmt":"2025-07-28T09:33:27","slug":"m-henkel-transformation-ceo-denkt-uber-akquisitionen-nach","status":"publish","type":"post","link":"https:\/\/wpinitiate.com\/echo-test\/demo76e71539\/2025\/07\/28\/m-henkel-transformation-ceo-denkt-uber-akquisitionen-nach\/","title":{"rendered":"(m+) Henkel-Transformation: CEO denkt \u00fcber Akquisitionen nach"},"content":{"rendered":"<p>Henkel-CEO Carsten Knobel hat den Traditionskonzern umgebaut und schwache Marken verkauft \u2013 dem chronisch entt\u00e4uschenden Aktienkurs hat das bisher nicht geholfen. Mit der Suche nach \u00dcbernahmeobjekten will er jetzt die n\u00e4chste Stufe z\u00fcnden.<\/p>\n","protected":false},"excerpt":{"rendered":"<p>Henkel-CEO Carsten Knobel hat den Traditionskonzern umgebaut und schwache Marken verkauft \u2013 dem chronisch entt\u00e4uschenden Aktienkurs hat das bisher nicht geholfen. Mit der Suche nach \u00dcbernahmeobjekten will er jetzt die n\u00e4chste Stufe z\u00fcnden.<\/p>\n","protected":false},"author":1,"featured_media":11888,"comment_status":"open","ping_status":"open","sticky":false,"template":"","format":"standard","meta":{"footnotes":""},"categories":[1],"tags":[],"class_list":["post-11887","post","type-post","status-publish","format-standard","has-post-thumbnail","hentry","category-uncategorized"],"_links":{"self":[{"href":"https:\/\/wpinitiate.com\/echo-test\/demo76e71539\/wp-json\/wp\/v2\/posts\/11887","targetHints":{"allow":["GET"]}}],"collection":[{"href":"https:\/\/wpinitiate.com\/echo-test\/demo76e71539\/wp-json\/wp\/v2\/posts"}],"about":[{"href":"https:\/\/wpinitiate.com\/echo-test\/demo76e71539\/wp-json\/wp\/v2\/types\/post"}],"author":[{"embeddable":true,"href":"https:\/\/wpinitiate.com\/echo-test\/demo76e71539\/wp-json\/wp\/v2\/users\/1"}],"replies":[{"embeddable":true,"href":"https:\/\/wpinitiate.com\/echo-test\/demo76e71539\/wp-json\/wp\/v2\/comments?post=11887"}],"version-history":[{"count":0,"href":"https:\/\/wpinitiate.com\/echo-test\/demo76e71539\/wp-json\/wp\/v2\/posts\/11887\/revisions"}],"wp:featuredmedia":[{"embeddable":true,"href":"https:\/\/wpinitiate.com\/echo-test\/demo76e71539\/wp-json\/wp\/v2\/media\/11888"}],"wp:attachment":[{"href":"https:\/\/wpinitiate.com\/echo-test\/demo76e71539\/wp-json\/wp\/v2\/media?parent=11887"}],"wp:term":[{"taxonomy":"category","embeddable":true,"href":"https:\/\/wpinitiate.com\/echo-test\/demo76e71539\/wp-json\/wp\/v2\/categories?post=11887"},{"taxonomy":"post_tag","embeddable":true,"href":"https:\/\/wpinitiate.com\/echo-test\/demo76e71539\/wp-json\/wp\/v2\/tags?post=11887"}],"curies":[{"name":"wp","href":"https:\/\/api.w.org\/{rel}","templated":true}]}}