{"id":11933,"date":"2025-07-29T06:27:09","date_gmt":"2025-07-29T06:27:09","guid":{"rendered":"https:\/\/wpinitiate.com\/echo-test\/demo76e71539\/2025\/07\/29\/verweis-auf-gesundheitsprobleme-trump-drangt-bei-klage-gegen-medientycoon-murdoch-aufs-tempo\/"},"modified":"2025-07-29T06:27:09","modified_gmt":"2025-07-29T06:27:09","slug":"verweis-auf-gesundheitsprobleme-trump-drangt-bei-klage-gegen-medientycoon-murdoch-aufs-tempo","status":"publish","type":"post","link":"https:\/\/wpinitiate.com\/echo-test\/demo76e71539\/2025\/07\/29\/verweis-auf-gesundheitsprobleme-trump-drangt-bei-klage-gegen-medientycoon-murdoch-aufs-tempo\/","title":{"rendered":"Verweis auf Gesundheitsprobleme: Trump dr\u00e4ngt bei Klage gegen Medientycoon Murdoch aufs Tempo"},"content":{"rendered":"<p>Der US-Pr\u00e4sident hat Murdoch wegen eines Zeitungsberichts zur Epstein-Aff\u00e4re auf Milliarden verklagt. Er f\u00fcrchtet offenbar, ihm k\u00f6nnte die Zeit davonlaufen: Mit Verweis auf gesundheitliche Probleme des Medienunternehmers fordert Trump eine schnelle Aussage.<\/p>\n","protected":false},"excerpt":{"rendered":"<p>Der US-Pr\u00e4sident hat Murdoch wegen eines Zeitungsberichts zur Epstein-Aff\u00e4re auf Milliarden verklagt. Er f\u00fcrchtet offenbar, ihm k\u00f6nnte die Zeit davonlaufen: Mit Verweis auf gesundheitliche Probleme des Medienunternehmers fordert Trump eine schnelle Aussage.<\/p>\n","protected":false},"author":1,"featured_media":11934,"comment_status":"open","ping_status":"open","sticky":false,"template":"","format":"standard","meta":{"footnotes":""},"categories":[1],"tags":[],"class_list":["post-11933","post","type-post","status-publish","format-standard","has-post-thumbnail","hentry","category-uncategorized"],"_links":{"self":[{"href":"https:\/\/wpinitiate.com\/echo-test\/demo76e71539\/wp-json\/wp\/v2\/posts\/11933","targetHints":{"allow":["GET"]}}],"collection":[{"href":"https:\/\/wpinitiate.com\/echo-test\/demo76e71539\/wp-json\/wp\/v2\/posts"}],"about":[{"href":"https:\/\/wpinitiate.com\/echo-test\/demo76e71539\/wp-json\/wp\/v2\/types\/post"}],"author":[{"embeddable":true,"href":"https:\/\/wpinitiate.com\/echo-test\/demo76e71539\/wp-json\/wp\/v2\/users\/1"}],"replies":[{"embeddable":true,"href":"https:\/\/wpinitiate.com\/echo-test\/demo76e71539\/wp-json\/wp\/v2\/comments?post=11933"}],"version-history":[{"count":0,"href":"https:\/\/wpinitiate.com\/echo-test\/demo76e71539\/wp-json\/wp\/v2\/posts\/11933\/revisions"}],"wp:featuredmedia":[{"embeddable":true,"href":"https:\/\/wpinitiate.com\/echo-test\/demo76e71539\/wp-json\/wp\/v2\/media\/11934"}],"wp:attachment":[{"href":"https:\/\/wpinitiate.com\/echo-test\/demo76e71539\/wp-json\/wp\/v2\/media?parent=11933"}],"wp:term":[{"taxonomy":"category","embeddable":true,"href":"https:\/\/wpinitiate.com\/echo-test\/demo76e71539\/wp-json\/wp\/v2\/categories?post=11933"},{"taxonomy":"post_tag","embeddable":true,"href":"https:\/\/wpinitiate.com\/echo-test\/demo76e71539\/wp-json\/wp\/v2\/tags?post=11933"}],"curies":[{"name":"wp","href":"https:\/\/api.w.org\/{rel}","templated":true}]}}