{"id":11953,"date":"2025-07-29T09:52:20","date_gmt":"2025-07-29T09:52:20","guid":{"rendered":"https:\/\/wpinitiate.com\/echo-test\/demo76e71539\/2025\/07\/29\/m-bayer-der-ex-vizekanzler-und-fruhere-fdp-chef-philipp-rosler-konnte-in-den-aufsichtsrat-einrucken\/"},"modified":"2025-07-29T09:52:20","modified_gmt":"2025-07-29T09:52:20","slug":"m-bayer-der-ex-vizekanzler-und-fruhere-fdp-chef-philipp-rosler-konnte-in-den-aufsichtsrat-einrucken","status":"publish","type":"post","link":"https:\/\/wpinitiate.com\/echo-test\/demo76e71539\/2025\/07\/29\/m-bayer-der-ex-vizekanzler-und-fruhere-fdp-chef-philipp-rosler-konnte-in-den-aufsichtsrat-einrucken\/","title":{"rendered":"(m+) Bayer: Der Ex-Vizekanzler und fr\u00fchere FDP-Chef Philipp R\u00f6sler k\u00f6nnte in den Aufsichtsrat einr\u00fccken"},"content":{"rendered":"<p>Der fr\u00fchere Vizekanzler und Ex-FDP-Chef sitzt seit Juni im Nachhaltigkeitsrat des Chemie- und Pharmariesen. Das Gremium gilt als Nachwuchsorganisation des Aufsichtsrats \u2013 dort werden bald zwei Nachr\u00fccker gesucht.<\/p>\n","protected":false},"excerpt":{"rendered":"<p>Der fr\u00fchere Vizekanzler und Ex-FDP-Chef sitzt seit Juni im Nachhaltigkeitsrat des Chemie- und Pharmariesen. Das Gremium gilt als Nachwuchsorganisation des Aufsichtsrats \u2013 dort werden bald zwei Nachr\u00fccker gesucht.<\/p>\n","protected":false},"author":1,"featured_media":11954,"comment_status":"open","ping_status":"open","sticky":false,"template":"","format":"standard","meta":{"footnotes":""},"categories":[1],"tags":[],"class_list":["post-11953","post","type-post","status-publish","format-standard","has-post-thumbnail","hentry","category-uncategorized"],"_links":{"self":[{"href":"https:\/\/wpinitiate.com\/echo-test\/demo76e71539\/wp-json\/wp\/v2\/posts\/11953","targetHints":{"allow":["GET"]}}],"collection":[{"href":"https:\/\/wpinitiate.com\/echo-test\/demo76e71539\/wp-json\/wp\/v2\/posts"}],"about":[{"href":"https:\/\/wpinitiate.com\/echo-test\/demo76e71539\/wp-json\/wp\/v2\/types\/post"}],"author":[{"embeddable":true,"href":"https:\/\/wpinitiate.com\/echo-test\/demo76e71539\/wp-json\/wp\/v2\/users\/1"}],"replies":[{"embeddable":true,"href":"https:\/\/wpinitiate.com\/echo-test\/demo76e71539\/wp-json\/wp\/v2\/comments?post=11953"}],"version-history":[{"count":0,"href":"https:\/\/wpinitiate.com\/echo-test\/demo76e71539\/wp-json\/wp\/v2\/posts\/11953\/revisions"}],"wp:featuredmedia":[{"embeddable":true,"href":"https:\/\/wpinitiate.com\/echo-test\/demo76e71539\/wp-json\/wp\/v2\/media\/11954"}],"wp:attachment":[{"href":"https:\/\/wpinitiate.com\/echo-test\/demo76e71539\/wp-json\/wp\/v2\/media?parent=11953"}],"wp:term":[{"taxonomy":"category","embeddable":true,"href":"https:\/\/wpinitiate.com\/echo-test\/demo76e71539\/wp-json\/wp\/v2\/categories?post=11953"},{"taxonomy":"post_tag","embeddable":true,"href":"https:\/\/wpinitiate.com\/echo-test\/demo76e71539\/wp-json\/wp\/v2\/tags?post=11953"}],"curies":[{"name":"wp","href":"https:\/\/api.w.org\/{rel}","templated":true}]}}