{"id":11963,"date":"2025-07-29T15:13:50","date_gmt":"2025-07-29T15:13:50","guid":{"rendered":"https:\/\/wpinitiate.com\/echo-test\/demo76e71539\/2025\/07\/29\/m-autozulieferer-zf-wie-der-betriebsrat-mit-tausenden-beschaftigten-gegen-den-vorstand-protestiert\/"},"modified":"2025-07-29T15:13:50","modified_gmt":"2025-07-29T15:13:50","slug":"m-autozulieferer-zf-wie-der-betriebsrat-mit-tausenden-beschaftigten-gegen-den-vorstand-protestiert","status":"publish","type":"post","link":"https:\/\/wpinitiate.com\/echo-test\/demo76e71539\/2025\/07\/29\/m-autozulieferer-zf-wie-der-betriebsrat-mit-tausenden-beschaftigten-gegen-den-vorstand-protestiert\/","title":{"rendered":"(m+) Autozulieferer ZF: Wie der Betriebsrat mit Tausenden Besch\u00e4ftigten gegen den Vorstand protestiert"},"content":{"rendered":"<p>Der Aufsichtsrat von ZF Friedrichshafen tagt, es geht um die Zukunft des Autozulieferers. Deutschlandweit protestierten am Dienstag Tausende ZF-Besch\u00e4ftigte gegen Stellenabbau, Spartenverk\u00e4ufe und Gehaltseinbu\u00dfen. Die Wut ist gro\u00df.<\/p>\n","protected":false},"excerpt":{"rendered":"<p>Der Aufsichtsrat von ZF Friedrichshafen tagt, es geht um die Zukunft des Autozulieferers. Deutschlandweit protestierten am Dienstag Tausende ZF-Besch\u00e4ftigte gegen Stellenabbau, Spartenverk\u00e4ufe und Gehaltseinbu\u00dfen. Die Wut ist gro\u00df.<\/p>\n","protected":false},"author":1,"featured_media":11964,"comment_status":"open","ping_status":"open","sticky":false,"template":"","format":"standard","meta":{"footnotes":""},"categories":[1],"tags":[],"class_list":["post-11963","post","type-post","status-publish","format-standard","has-post-thumbnail","hentry","category-uncategorized"],"_links":{"self":[{"href":"https:\/\/wpinitiate.com\/echo-test\/demo76e71539\/wp-json\/wp\/v2\/posts\/11963","targetHints":{"allow":["GET"]}}],"collection":[{"href":"https:\/\/wpinitiate.com\/echo-test\/demo76e71539\/wp-json\/wp\/v2\/posts"}],"about":[{"href":"https:\/\/wpinitiate.com\/echo-test\/demo76e71539\/wp-json\/wp\/v2\/types\/post"}],"author":[{"embeddable":true,"href":"https:\/\/wpinitiate.com\/echo-test\/demo76e71539\/wp-json\/wp\/v2\/users\/1"}],"replies":[{"embeddable":true,"href":"https:\/\/wpinitiate.com\/echo-test\/demo76e71539\/wp-json\/wp\/v2\/comments?post=11963"}],"version-history":[{"count":0,"href":"https:\/\/wpinitiate.com\/echo-test\/demo76e71539\/wp-json\/wp\/v2\/posts\/11963\/revisions"}],"wp:featuredmedia":[{"embeddable":true,"href":"https:\/\/wpinitiate.com\/echo-test\/demo76e71539\/wp-json\/wp\/v2\/media\/11964"}],"wp:attachment":[{"href":"https:\/\/wpinitiate.com\/echo-test\/demo76e71539\/wp-json\/wp\/v2\/media?parent=11963"}],"wp:term":[{"taxonomy":"category","embeddable":true,"href":"https:\/\/wpinitiate.com\/echo-test\/demo76e71539\/wp-json\/wp\/v2\/categories?post=11963"},{"taxonomy":"post_tag","embeddable":true,"href":"https:\/\/wpinitiate.com\/echo-test\/demo76e71539\/wp-json\/wp\/v2\/tags?post=11963"}],"curies":[{"name":"wp","href":"https:\/\/api.w.org\/{rel}","templated":true}]}}