{"id":11965,"date":"2025-07-29T15:13:49","date_gmt":"2025-07-29T15:13:49","guid":{"rendered":"https:\/\/wpinitiate.com\/echo-test\/demo76e71539\/2025\/07\/29\/streit-um-betriebsrat-ezb-beschaftigte-kritisieren-lagardes-umgang-mit-dem-arbeitsrecht\/"},"modified":"2025-07-29T15:13:49","modified_gmt":"2025-07-29T15:13:49","slug":"streit-um-betriebsrat-ezb-beschaftigte-kritisieren-lagardes-umgang-mit-dem-arbeitsrecht","status":"publish","type":"post","link":"https:\/\/wpinitiate.com\/echo-test\/demo76e71539\/2025\/07\/29\/streit-um-betriebsrat-ezb-beschaftigte-kritisieren-lagardes-umgang-mit-dem-arbeitsrecht\/","title":{"rendered":"Streit um Betriebsrat: EZB-Besch\u00e4ftigte kritisieren Lagardes Umgang mit dem Arbeitsrecht"},"content":{"rendered":"<p>Die Leitung der EZB unter Pr\u00e4sidentin Christine Lagarde m\u00f6chte dem Betriebsrat offenbar Vorschriften machen, die nicht im Einklang mit deutschem Arbeitsrecht stehen \u2013 denn an das muss sich die EZB als extraterritoriale Institution nicht halten.<\/p>\n","protected":false},"excerpt":{"rendered":"<p>Die Leitung der EZB unter Pr\u00e4sidentin Christine Lagarde m\u00f6chte dem Betriebsrat offenbar Vorschriften machen, die nicht im Einklang mit deutschem Arbeitsrecht stehen \u2013 denn an das muss sich die EZB als extraterritoriale Institution nicht halten.<\/p>\n","protected":false},"author":1,"featured_media":11966,"comment_status":"open","ping_status":"open","sticky":false,"template":"","format":"standard","meta":{"footnotes":""},"categories":[1],"tags":[],"class_list":["post-11965","post","type-post","status-publish","format-standard","has-post-thumbnail","hentry","category-uncategorized"],"_links":{"self":[{"href":"https:\/\/wpinitiate.com\/echo-test\/demo76e71539\/wp-json\/wp\/v2\/posts\/11965","targetHints":{"allow":["GET"]}}],"collection":[{"href":"https:\/\/wpinitiate.com\/echo-test\/demo76e71539\/wp-json\/wp\/v2\/posts"}],"about":[{"href":"https:\/\/wpinitiate.com\/echo-test\/demo76e71539\/wp-json\/wp\/v2\/types\/post"}],"author":[{"embeddable":true,"href":"https:\/\/wpinitiate.com\/echo-test\/demo76e71539\/wp-json\/wp\/v2\/users\/1"}],"replies":[{"embeddable":true,"href":"https:\/\/wpinitiate.com\/echo-test\/demo76e71539\/wp-json\/wp\/v2\/comments?post=11965"}],"version-history":[{"count":0,"href":"https:\/\/wpinitiate.com\/echo-test\/demo76e71539\/wp-json\/wp\/v2\/posts\/11965\/revisions"}],"wp:featuredmedia":[{"embeddable":true,"href":"https:\/\/wpinitiate.com\/echo-test\/demo76e71539\/wp-json\/wp\/v2\/media\/11966"}],"wp:attachment":[{"href":"https:\/\/wpinitiate.com\/echo-test\/demo76e71539\/wp-json\/wp\/v2\/media?parent=11965"}],"wp:term":[{"taxonomy":"category","embeddable":true,"href":"https:\/\/wpinitiate.com\/echo-test\/demo76e71539\/wp-json\/wp\/v2\/categories?post=11965"},{"taxonomy":"post_tag","embeddable":true,"href":"https:\/\/wpinitiate.com\/echo-test\/demo76e71539\/wp-json\/wp\/v2\/tags?post=11965"}],"curies":[{"name":"wp","href":"https:\/\/api.w.org\/{rel}","templated":true}]}}