{"id":12023,"date":"2025-07-30T14:35:10","date_gmt":"2025-07-30T14:35:10","guid":{"rendered":"https:\/\/wpinitiate.com\/echo-test\/demo76e71539\/2025\/07\/30\/meinung-fachkraftemangel-warum-wir-einen-talentfonds-fur-auslandische-spitzenkrafte-brauchen\/"},"modified":"2025-07-30T14:35:10","modified_gmt":"2025-07-30T14:35:10","slug":"meinung-fachkraftemangel-warum-wir-einen-talentfonds-fur-auslandische-spitzenkrafte-brauchen","status":"publish","type":"post","link":"https:\/\/wpinitiate.com\/echo-test\/demo76e71539\/2025\/07\/30\/meinung-fachkraftemangel-warum-wir-einen-talentfonds-fur-auslandische-spitzenkrafte-brauchen\/","title":{"rendered":"Meinung: Fachkr\u00e4ftemangel: Warum wir einen Talentfonds f\u00fcr ausl\u00e4ndische Spitzenkr\u00e4fte brauchen"},"content":{"rendered":"<p>Im Wahlkampf redeten alle \u00fcber Migration. Jetzt ist das Thema aus den Schlagzeilen verschwunden, dabei brauchen wir in Deutschland dringend hoch qualifizierte Arbeitskr\u00e4fte. Ein Talentfonds k\u00f6nnte Erste Hilfe leisten.<\/p>\n","protected":false},"excerpt":{"rendered":"<p>Im Wahlkampf redeten alle \u00fcber Migration. Jetzt ist das Thema aus den Schlagzeilen verschwunden, dabei brauchen wir in Deutschland dringend hoch qualifizierte Arbeitskr\u00e4fte. Ein Talentfonds k\u00f6nnte Erste Hilfe leisten.<\/p>\n","protected":false},"author":1,"featured_media":12024,"comment_status":"open","ping_status":"open","sticky":false,"template":"","format":"standard","meta":{"footnotes":""},"categories":[1],"tags":[],"class_list":["post-12023","post","type-post","status-publish","format-standard","has-post-thumbnail","hentry","category-uncategorized"],"_links":{"self":[{"href":"https:\/\/wpinitiate.com\/echo-test\/demo76e71539\/wp-json\/wp\/v2\/posts\/12023","targetHints":{"allow":["GET"]}}],"collection":[{"href":"https:\/\/wpinitiate.com\/echo-test\/demo76e71539\/wp-json\/wp\/v2\/posts"}],"about":[{"href":"https:\/\/wpinitiate.com\/echo-test\/demo76e71539\/wp-json\/wp\/v2\/types\/post"}],"author":[{"embeddable":true,"href":"https:\/\/wpinitiate.com\/echo-test\/demo76e71539\/wp-json\/wp\/v2\/users\/1"}],"replies":[{"embeddable":true,"href":"https:\/\/wpinitiate.com\/echo-test\/demo76e71539\/wp-json\/wp\/v2\/comments?post=12023"}],"version-history":[{"count":0,"href":"https:\/\/wpinitiate.com\/echo-test\/demo76e71539\/wp-json\/wp\/v2\/posts\/12023\/revisions"}],"wp:featuredmedia":[{"embeddable":true,"href":"https:\/\/wpinitiate.com\/echo-test\/demo76e71539\/wp-json\/wp\/v2\/media\/12024"}],"wp:attachment":[{"href":"https:\/\/wpinitiate.com\/echo-test\/demo76e71539\/wp-json\/wp\/v2\/media?parent=12023"}],"wp:term":[{"taxonomy":"category","embeddable":true,"href":"https:\/\/wpinitiate.com\/echo-test\/demo76e71539\/wp-json\/wp\/v2\/categories?post=12023"},{"taxonomy":"post_tag","embeddable":true,"href":"https:\/\/wpinitiate.com\/echo-test\/demo76e71539\/wp-json\/wp\/v2\/tags?post=12023"}],"curies":[{"name":"wp","href":"https:\/\/api.w.org\/{rel}","templated":true}]}}