{"id":12029,"date":"2025-07-30T17:29:06","date_gmt":"2025-07-30T17:29:06","guid":{"rendered":"https:\/\/wpinitiate.com\/echo-test\/demo76e71539\/2025\/07\/30\/renault-findet-neuen-vorstandschef-in-den-eigenen-reihen\/"},"modified":"2025-07-30T17:29:06","modified_gmt":"2025-07-30T17:29:06","slug":"renault-findet-neuen-vorstandschef-in-den-eigenen-reihen","status":"publish","type":"post","link":"https:\/\/wpinitiate.com\/echo-test\/demo76e71539\/2025\/07\/30\/renault-findet-neuen-vorstandschef-in-den-eigenen-reihen\/","title":{"rendered":"Renault findet neuen Vorstandschef in den eigenen Reihen"},"content":{"rendered":"<p>Nachdem der bisherige Chef Luca de Meo im Juni \u00fcberraschend zu Kering gewechselt war, hat Renault einen neuen Konzernchef ernannt. Fran\u00e7ois Provost ist bereits seit \u00fcber 23 Jahren im Unternehmen und soll den Konzern aus einer schwierigen Phase herausf\u00fchren.<\/p>\n","protected":false},"excerpt":{"rendered":"<p>Nachdem der bisherige Chef Luca de Meo im Juni \u00fcberraschend zu Kering gewechselt war, hat Renault einen neuen Konzernchef ernannt. Fran\u00e7ois Provost ist bereits seit \u00fcber 23 Jahren im Unternehmen und soll den Konzern aus einer schwierigen Phase herausf\u00fchren.<\/p>\n","protected":false},"author":1,"featured_media":12030,"comment_status":"open","ping_status":"open","sticky":false,"template":"","format":"standard","meta":{"footnotes":""},"categories":[1],"tags":[],"class_list":["post-12029","post","type-post","status-publish","format-standard","has-post-thumbnail","hentry","category-uncategorized"],"_links":{"self":[{"href":"https:\/\/wpinitiate.com\/echo-test\/demo76e71539\/wp-json\/wp\/v2\/posts\/12029","targetHints":{"allow":["GET"]}}],"collection":[{"href":"https:\/\/wpinitiate.com\/echo-test\/demo76e71539\/wp-json\/wp\/v2\/posts"}],"about":[{"href":"https:\/\/wpinitiate.com\/echo-test\/demo76e71539\/wp-json\/wp\/v2\/types\/post"}],"author":[{"embeddable":true,"href":"https:\/\/wpinitiate.com\/echo-test\/demo76e71539\/wp-json\/wp\/v2\/users\/1"}],"replies":[{"embeddable":true,"href":"https:\/\/wpinitiate.com\/echo-test\/demo76e71539\/wp-json\/wp\/v2\/comments?post=12029"}],"version-history":[{"count":0,"href":"https:\/\/wpinitiate.com\/echo-test\/demo76e71539\/wp-json\/wp\/v2\/posts\/12029\/revisions"}],"wp:featuredmedia":[{"embeddable":true,"href":"https:\/\/wpinitiate.com\/echo-test\/demo76e71539\/wp-json\/wp\/v2\/media\/12030"}],"wp:attachment":[{"href":"https:\/\/wpinitiate.com\/echo-test\/demo76e71539\/wp-json\/wp\/v2\/media?parent=12029"}],"wp:term":[{"taxonomy":"category","embeddable":true,"href":"https:\/\/wpinitiate.com\/echo-test\/demo76e71539\/wp-json\/wp\/v2\/categories?post=12029"},{"taxonomy":"post_tag","embeddable":true,"href":"https:\/\/wpinitiate.com\/echo-test\/demo76e71539\/wp-json\/wp\/v2\/tags?post=12029"}],"curies":[{"name":"wp","href":"https:\/\/api.w.org\/{rel}","templated":true}]}}