{"id":12079,"date":"2025-07-31T10:36:19","date_gmt":"2025-07-31T10:36:19","guid":{"rendered":"https:\/\/wpinitiate.com\/echo-test\/demo76e71539\/2025\/07\/31\/m-zf-friedrichshafen-vorstand-plant-beim-autozulieferer-tiefe-einschnitte-in-der-division-e\/"},"modified":"2025-07-31T10:36:19","modified_gmt":"2025-07-31T10:36:19","slug":"m-zf-friedrichshafen-vorstand-plant-beim-autozulieferer-tiefe-einschnitte-in-der-division-e","status":"publish","type":"post","link":"https:\/\/wpinitiate.com\/echo-test\/demo76e71539\/2025\/07\/31\/m-zf-friedrichshafen-vorstand-plant-beim-autozulieferer-tiefe-einschnitte-in-der-division-e\/","title":{"rendered":"(m+) ZF Friedrichshafen: Vorstand plant beim Autozulieferer tiefe Einschnitte in der Division E"},"content":{"rendered":"<p>Bei ZF Friedrichshafen wollen sich Vorstand und Betriebsrat bis Ende September auf einen Sanierungskurs f\u00fcr die Antriebssparte Division E einigen. Die Gespr\u00e4che d\u00fcrften hart werden: Das Management plant angeblich einen Ausstieg aus zentralen Elektroproduktreihen.<\/p>\n","protected":false},"excerpt":{"rendered":"<p>Bei ZF Friedrichshafen wollen sich Vorstand und Betriebsrat bis Ende September auf einen Sanierungskurs f\u00fcr die Antriebssparte Division E einigen. Die Gespr\u00e4che d\u00fcrften hart werden: Das Management plant angeblich einen Ausstieg aus zentralen Elektroproduktreihen.<\/p>\n","protected":false},"author":1,"featured_media":12080,"comment_status":"open","ping_status":"open","sticky":false,"template":"","format":"standard","meta":{"footnotes":""},"categories":[1],"tags":[],"class_list":["post-12079","post","type-post","status-publish","format-standard","has-post-thumbnail","hentry","category-uncategorized"],"_links":{"self":[{"href":"https:\/\/wpinitiate.com\/echo-test\/demo76e71539\/wp-json\/wp\/v2\/posts\/12079","targetHints":{"allow":["GET"]}}],"collection":[{"href":"https:\/\/wpinitiate.com\/echo-test\/demo76e71539\/wp-json\/wp\/v2\/posts"}],"about":[{"href":"https:\/\/wpinitiate.com\/echo-test\/demo76e71539\/wp-json\/wp\/v2\/types\/post"}],"author":[{"embeddable":true,"href":"https:\/\/wpinitiate.com\/echo-test\/demo76e71539\/wp-json\/wp\/v2\/users\/1"}],"replies":[{"embeddable":true,"href":"https:\/\/wpinitiate.com\/echo-test\/demo76e71539\/wp-json\/wp\/v2\/comments?post=12079"}],"version-history":[{"count":0,"href":"https:\/\/wpinitiate.com\/echo-test\/demo76e71539\/wp-json\/wp\/v2\/posts\/12079\/revisions"}],"wp:featuredmedia":[{"embeddable":true,"href":"https:\/\/wpinitiate.com\/echo-test\/demo76e71539\/wp-json\/wp\/v2\/media\/12080"}],"wp:attachment":[{"href":"https:\/\/wpinitiate.com\/echo-test\/demo76e71539\/wp-json\/wp\/v2\/media?parent=12079"}],"wp:term":[{"taxonomy":"category","embeddable":true,"href":"https:\/\/wpinitiate.com\/echo-test\/demo76e71539\/wp-json\/wp\/v2\/categories?post=12079"},{"taxonomy":"post_tag","embeddable":true,"href":"https:\/\/wpinitiate.com\/echo-test\/demo76e71539\/wp-json\/wp\/v2\/tags?post=12079"}],"curies":[{"name":"wp","href":"https:\/\/api.w.org\/{rel}","templated":true}]}}