{"id":12093,"date":"2025-07-31T19:26:30","date_gmt":"2025-07-31T19:26:30","guid":{"rendered":"https:\/\/wpinitiate.com\/echo-test\/demo76e71539\/2025\/07\/31\/daimler-truck-marktschwache-in-nordamerika-macht-dax-konzern-zu-schaffen\/"},"modified":"2025-07-31T19:26:30","modified_gmt":"2025-07-31T19:26:30","slug":"daimler-truck-marktschwache-in-nordamerika-macht-dax-konzern-zu-schaffen","status":"publish","type":"post","link":"https:\/\/wpinitiate.com\/echo-test\/demo76e71539\/2025\/07\/31\/daimler-truck-marktschwache-in-nordamerika-macht-dax-konzern-zu-schaffen\/","title":{"rendered":"Daimler Truck: Marktschw\u00e4che in Nordamerika macht Dax-Konzern zu schaffen"},"content":{"rendered":"<p>Wegen einer anhaltenden Marktschw\u00e4che in Nordamerika und der unsicheren Wirtschaftslage infolge der US-Z\u00f6lle muss Daimler Truck erneut die Erwartungen f\u00fcr 2025 zur\u00fcckschrauben. CEO Karin Radstr\u00f6m steuert mit einem strikten Sparprogramm dagegen.<\/p>\n","protected":false},"excerpt":{"rendered":"<p>Wegen einer anhaltenden Marktschw\u00e4che in Nordamerika und der unsicheren Wirtschaftslage infolge der US-Z\u00f6lle muss Daimler Truck erneut die Erwartungen f\u00fcr 2025 zur\u00fcckschrauben. CEO Karin Radstr\u00f6m steuert mit einem strikten Sparprogramm dagegen.<\/p>\n","protected":false},"author":1,"featured_media":12094,"comment_status":"open","ping_status":"open","sticky":false,"template":"","format":"standard","meta":{"footnotes":""},"categories":[1],"tags":[],"class_list":["post-12093","post","type-post","status-publish","format-standard","has-post-thumbnail","hentry","category-uncategorized"],"_links":{"self":[{"href":"https:\/\/wpinitiate.com\/echo-test\/demo76e71539\/wp-json\/wp\/v2\/posts\/12093","targetHints":{"allow":["GET"]}}],"collection":[{"href":"https:\/\/wpinitiate.com\/echo-test\/demo76e71539\/wp-json\/wp\/v2\/posts"}],"about":[{"href":"https:\/\/wpinitiate.com\/echo-test\/demo76e71539\/wp-json\/wp\/v2\/types\/post"}],"author":[{"embeddable":true,"href":"https:\/\/wpinitiate.com\/echo-test\/demo76e71539\/wp-json\/wp\/v2\/users\/1"}],"replies":[{"embeddable":true,"href":"https:\/\/wpinitiate.com\/echo-test\/demo76e71539\/wp-json\/wp\/v2\/comments?post=12093"}],"version-history":[{"count":0,"href":"https:\/\/wpinitiate.com\/echo-test\/demo76e71539\/wp-json\/wp\/v2\/posts\/12093\/revisions"}],"wp:featuredmedia":[{"embeddable":true,"href":"https:\/\/wpinitiate.com\/echo-test\/demo76e71539\/wp-json\/wp\/v2\/media\/12094"}],"wp:attachment":[{"href":"https:\/\/wpinitiate.com\/echo-test\/demo76e71539\/wp-json\/wp\/v2\/media?parent=12093"}],"wp:term":[{"taxonomy":"category","embeddable":true,"href":"https:\/\/wpinitiate.com\/echo-test\/demo76e71539\/wp-json\/wp\/v2\/categories?post=12093"},{"taxonomy":"post_tag","embeddable":true,"href":"https:\/\/wpinitiate.com\/echo-test\/demo76e71539\/wp-json\/wp\/v2\/tags?post=12093"}],"curies":[{"name":"wp","href":"https:\/\/api.w.org\/{rel}","templated":true}]}}