{"id":12187,"date":"2025-08-01T21:30:33","date_gmt":"2025-08-01T21:30:33","guid":{"rendered":"https:\/\/wpinitiate.com\/echo-test\/demo76e71539\/2025\/08\/01\/celtic-scout-this-highly-rated-swedish-centre-half-should-they-snap-him-up-this-summer\/"},"modified":"2025-08-01T21:30:33","modified_gmt":"2025-08-01T21:30:33","slug":"celtic-scout-this-highly-rated-swedish-centre-half-should-they-snap-him-up-this-summer","status":"publish","type":"post","link":"https:\/\/wpinitiate.com\/echo-test\/demo76e71539\/2025\/08\/01\/celtic-scout-this-highly-rated-swedish-centre-half-should-they-snap-him-up-this-summer\/","title":{"rendered":"Celtic Scout This Highly-rated Swedish Centre-half: Should They Snap Him Up This Summer?"},"content":{"rendered":"<div>\n<p>In one of his recent transfer updates on Patreon, <a href=\"https:\/\/x.com\/reluctantnicko\/status\/1950936173104570653\">Alan Nixon<\/a> has shared an exclusive report on Victor Eriksson, who has emerged as a Celtic target (as cited by <a href=\"https:\/\/www.thescottishsun.co.uk\/sport\/15156704\/celtic-transfer-rumours-gossip-victor-eriksson-hammarby\/\">The Scottish Sun<\/a>). Brendan Rodgers sent his top scout, Paul Tisdale, to monitor the young centre-back in Hammarby\u2019s Thursday night UEFA Europa Conference League qualifier against Charleroi. Coincidentally, his 119th-minute winner helped the Swedish side progress to the next round, eliminating the Belgian outfit.<\/p>\n<p>The 24-year-old Sweden international progressed through the academy ranks of his boyhood club V\u00e4rnamo S\u00f6dra. He also represented them in the fifth tier of Swedish football before joining IFK V\u00e4rnamo in 2018. He contributed to successive promotions, thus earning a top-flight status for the first time in their history. After featuring in all the league games in V\u00e4rnamo\u2019s maiden Allsvenskan season, Eriksson left for the MLS to join Minnesota United in January 2024.<\/p>\n<figure id=\"attachment_328392\" aria-describedby=\"caption-attachment-328392\"><img loading=\"lazy\" data-lazyloaded=\"1\" decoding=\"async\" src=\"https:\/\/the4thofficial.net\/wp-content\/uploads\/2025\/08\/al-ahli-v-celtic-fc-como-cup-scaled.jpg\" alt=\"Celtic boss Brendan Rodgers\" width=\"2560\" height=\"1546\" srcset=\"https:\/\/the4thofficial.net\/wp-content\/uploads\/2025\/08\/al-ahli-v-celtic-fc-como-cup-scaled.jpg 2560w, https:\/\/the4thofficial.net\/wp-content\/uploads\/2025\/08\/al-ahli-v-celtic-fc-como-cup-300x181.jpg 300w, https:\/\/the4thofficial.net\/wp-content\/uploads\/2025\/08\/al-ahli-v-celtic-fc-como-cup-1024x619.jpg 1024w, https:\/\/the4thofficial.net\/wp-content\/uploads\/2025\/08\/al-ahli-v-celtic-fc-como-cup-768x464.jpg 768w, https:\/\/the4thofficial.net\/wp-content\/uploads\/2025\/08\/al-ahli-v-celtic-fc-como-cup-1536x928.jpg 1536w, https:\/\/the4thofficial.net\/wp-content\/uploads\/2025\/08\/al-ahli-v-celtic-fc-como-cup-2048x1237.jpg 2048w, https:\/\/the4thofficial.net\/wp-content\/uploads\/2025\/08\/al-ahli-v-celtic-fc-como-cup-150x91.jpg 150w, https:\/\/the4thofficial.net\/wp-content\/uploads\/2025\/08\/al-ahli-v-celtic-fc-como-cup-600x362.jpg 600w, https:\/\/the4thofficial.net\/wp-content\/uploads\/2025\/08\/al-ahli-v-celtic-fc-como-cup-696x420.jpg 696w, https:\/\/the4thofficial.net\/wp-content\/uploads\/2025\/08\/al-ahli-v-celtic-fc-como-cup-1392x841.jpg 1392w, https:\/\/the4thofficial.net\/wp-content\/uploads\/2025\/08\/al-ahli-v-celtic-fc-como-cup-1068x645.jpg 1068w, https:\/\/the4thofficial.net\/wp-content\/uploads\/2025\/08\/al-ahli-v-celtic-fc-como-cup-1920x1160.jpg 1920w, https:\/\/the4thofficial.net\/wp-content\/uploads\/2025\/08\/al-ahli-v-celtic-fc-como-cup-695x420.jpg 695w, https:\/\/the4thofficial.net\/wp-content\/uploads\/2025\/08\/al-ahli-v-celtic-fc-como-cup-1391x840.jpg 1391w\" data-sizes=\"(max-width: 2560px) 100vw, 2560px\"><figcaption id=\"caption-attachment-328392\">COMO, ITALY \u2013 JULY 26: Celtic FC coach Brendan Rodgers celebrates the victory at the end of the Como Cup match between Al-Ahli and Celtic FC at Giuseppe Sinigaglia Stadium on July 26, 2025, in Como, Italy. (Photo by Marco Luzzani\/Getty Images)<\/figcaption><\/figure>\n<p>However, the youngster returned to his homeland six months later and joined Hammarby on a four-and-a-half-year contract. The Stockholm side finished as runners-up last season behind Malm\u00f6 and are going strong this term, as league leaders Mj\u00e4llby only have a four-point cushion at the top of the standings midway through the 2025 campaign.<\/p>\n<p>Although it has been reported that Eriksson is available for \u00a32m, Hammarby boss Kim Hellberg is determined to keep hold of him, particularly after his heroics in Belgium. He would not only be key to their title push, but also in the hunt for a place in the Conference League main draw via the qualifiers and playoffs.<\/p>\n<h3><strong>Why Celtic Must Decide Whether To Bring Him In<\/strong><\/h3>\n<p><a href=\"https:\/\/the4thofficial.net\/category\/leagues\/scottish-league\/celtic\/\">Celtic<\/a> roped in a few names early in the window, but have yet to bolster all areas, including the defensive third. Both Kieran Tierney and Hayato Inamura have primarily been snapped up for the left-back spot. But they are now <a href=\"https:\/\/www.thescottishsun.co.uk\/sport\/15148441\/jahmai-simpson-pusey-celtic-loan-man-city-strasbourg\/\">closing in<\/a> on Manchester City teenager Jahmai Simpson-Pusey on a season-long loan.<\/p>\n<p>While the England youth international is expected to slot in as the fourth-choice centre-half behind Cameron Carter-Vickers, Liam Scales and Auston Trusty, the Hoops must not miss the opportunity before Eriksson\u2019s valuation increases in a few months. They have already parted ways with Maik Nawrocki and Gustaf Lagerbielke. Also, Stephen Welsh, who spent the last six months in Belgium with KV Mechelen, could be loaned out again amid <a href=\"https:\/\/x.com\/AnthonyRJoseph\/status\/1950470742921138663\" target=\"_blank\" rel=\"noopener noreferrer\">interest<\/a>\u00a0from Plymouth Argyle.<\/p>\n<p>Eriksson, known for his strong physical and aerial presence, would hope for regular minutes at his new club. Rodgers must find a way to incorporate him in his first-team plans, in case the Celts splash the cash to secure his services before the window is slammed shut.<\/p>\n<\/div>\n","protected":false},"excerpt":{"rendered":"<p>In one of his recent transfer updates on Patreon, Alan Nixon has shared an exclusive report on Victor Eriksson, who has emerged as a Celtic target (as cited by The Scottish Sun). Brendan Rodgers sent his top scout, Paul Tisdale, to monitor the young centre-back in Hammarby\u2019s Thursday night UEFA Europa Conference League qualifier against [&hellip;]<\/p>\n","protected":false},"author":12953,"featured_media":12188,"comment_status":"open","ping_status":"open","sticky":false,"template":"","format":"standard","meta":{"footnotes":""},"categories":[1],"tags":[],"class_list":["post-12187","post","type-post","status-publish","format-standard","has-post-thumbnail","hentry","category-uncategorized"],"_links":{"self":[{"href":"https:\/\/wpinitiate.com\/echo-test\/demo76e71539\/wp-json\/wp\/v2\/posts\/12187","targetHints":{"allow":["GET"]}}],"collection":[{"href":"https:\/\/wpinitiate.com\/echo-test\/demo76e71539\/wp-json\/wp\/v2\/posts"}],"about":[{"href":"https:\/\/wpinitiate.com\/echo-test\/demo76e71539\/wp-json\/wp\/v2\/types\/post"}],"author":[{"embeddable":true,"href":"https:\/\/wpinitiate.com\/echo-test\/demo76e71539\/wp-json\/wp\/v2\/users\/12953"}],"replies":[{"embeddable":true,"href":"https:\/\/wpinitiate.com\/echo-test\/demo76e71539\/wp-json\/wp\/v2\/comments?post=12187"}],"version-history":[{"count":0,"href":"https:\/\/wpinitiate.com\/echo-test\/demo76e71539\/wp-json\/wp\/v2\/posts\/12187\/revisions"}],"wp:featuredmedia":[{"embeddable":true,"href":"https:\/\/wpinitiate.com\/echo-test\/demo76e71539\/wp-json\/wp\/v2\/media\/12188"}],"wp:attachment":[{"href":"https:\/\/wpinitiate.com\/echo-test\/demo76e71539\/wp-json\/wp\/v2\/media?parent=12187"}],"wp:term":[{"taxonomy":"category","embeddable":true,"href":"https:\/\/wpinitiate.com\/echo-test\/demo76e71539\/wp-json\/wp\/v2\/categories?post=12187"},{"taxonomy":"post_tag","embeddable":true,"href":"https:\/\/wpinitiate.com\/echo-test\/demo76e71539\/wp-json\/wp\/v2\/tags?post=12187"}],"curies":[{"name":"wp","href":"https:\/\/api.w.org\/{rel}","templated":true}]}}