{"id":12213,"date":"2025-08-02T20:45:56","date_gmt":"2025-08-02T20:45:56","guid":{"rendered":"https:\/\/wpinitiate.com\/echo-test\/demo76e71539\/2025\/08\/02\/aston-villa-reach-out-to-porto-for-their-striking-sensation-why-they-must-intensify-their-interest\/"},"modified":"2025-08-02T20:45:56","modified_gmt":"2025-08-02T20:45:56","slug":"aston-villa-reach-out-to-porto-for-their-striking-sensation-why-they-must-intensify-their-interest","status":"publish","type":"post","link":"https:\/\/wpinitiate.com\/echo-test\/demo76e71539\/2025\/08\/02\/aston-villa-reach-out-to-porto-for-their-striking-sensation-why-they-must-intensify-their-interest\/","title":{"rendered":"Aston Villa Reach Out To Porto For Their Striking Sensation: Why They Must Intensify Their Interest"},"content":{"rendered":"<div>\n<p>If a recent report from <a href=\"https:\/\/www.dailymail.co.uk\/sport\/football\/article-14954675\/Aston-Villa-transfer-news-striker-targets.html\">The Daily Mail<\/a> is believed to be true, Aston Villa reached out to Porto for Samu Aghehowa. But any potential deal won\u2019t be cheap, as the club president Andr\u00e9 Villas-Boas would only entertain an offer in the north of \u00a355m for their striking sensation.<\/p>\n<p>The 21-year-old Spanish international progressed through the academy ranks of Sevilla, Nervi\u00f3n and Granada before representing the latter\u2019s reserves in the lower division. His exquisite scoring record earned him a \u20ac6m transfer to Atletico Madrid. But the Spanish giants loaned him out to fellow La Liga side Alaves for regular gametime.<\/p>\n<p>While he was close to joining Chelsea last summer, the move did not materialise due to a failed medical and image rights complications. Porto secured his services a few weeks later, and the youngster proved to be an instant success in Portugal with 27 goals in 45 outings across competitions [stats via <a href=\"https:\/\/www.transfermarkt.com\/samu-aghehowa\/leistungsdaten\/spieler\/991268\/plus\/0?saison=2024\">Transfermarket<\/a>].<\/p>\n<p><a href=\"https:\/\/the4thofficial.net\/category\/leagues\/english-premier-league\/aston-villa\/\">Aston Villa<\/a> have not shifted their gear so far this window beyond securing three teenagers in Z\u00e9piqueno Redmond, Yasin \u00d6zcan, and Modou K\u00e9ba Ciss\u00e9, along with veteran Marco Bizot to succeed their previous \u2018number 2\u2019 Robin Olsen. They were also under scrutiny amid PSR concerns; however, the management handled those issues by selling their women\u2019s team to a related entity.<\/p>\n<figure id=\"attachment_328407\" aria-describedby=\"caption-attachment-328407\"><img loading=\"lazy\" data-lazyloaded=\"1\" decoding=\"async\" src=\"https:\/\/the4thofficial.net\/wp-content\/uploads\/2025\/08\/fc-porto-v-al-ahly-sc-group-a-fifa-club-world-cup-2025-scaled.jpg\" alt=\"Aston Villa target Aghehowa celebrates a goal for Porto\" width=\"2560\" height=\"1706\" srcset=\"https:\/\/the4thofficial.net\/wp-content\/uploads\/2025\/08\/fc-porto-v-al-ahly-sc-group-a-fifa-club-world-cup-2025-scaled.jpg 2560w, https:\/\/the4thofficial.net\/wp-content\/uploads\/2025\/08\/fc-porto-v-al-ahly-sc-group-a-fifa-club-world-cup-2025-300x200.jpg 300w, https:\/\/the4thofficial.net\/wp-content\/uploads\/2025\/08\/fc-porto-v-al-ahly-sc-group-a-fifa-club-world-cup-2025-1024x682.jpg 1024w, https:\/\/the4thofficial.net\/wp-content\/uploads\/2025\/08\/fc-porto-v-al-ahly-sc-group-a-fifa-club-world-cup-2025-768x512.jpg 768w, https:\/\/the4thofficial.net\/wp-content\/uploads\/2025\/08\/fc-porto-v-al-ahly-sc-group-a-fifa-club-world-cup-2025-1536x1023.jpg 1536w, https:\/\/the4thofficial.net\/wp-content\/uploads\/2025\/08\/fc-porto-v-al-ahly-sc-group-a-fifa-club-world-cup-2025-2048x1364.jpg 2048w, https:\/\/the4thofficial.net\/wp-content\/uploads\/2025\/08\/fc-porto-v-al-ahly-sc-group-a-fifa-club-world-cup-2025-150x100.jpg 150w, https:\/\/the4thofficial.net\/wp-content\/uploads\/2025\/08\/fc-porto-v-al-ahly-sc-group-a-fifa-club-world-cup-2025-600x400.jpg 600w, https:\/\/the4thofficial.net\/wp-content\/uploads\/2025\/08\/fc-porto-v-al-ahly-sc-group-a-fifa-club-world-cup-2025-696x464.jpg 696w, https:\/\/the4thofficial.net\/wp-content\/uploads\/2025\/08\/fc-porto-v-al-ahly-sc-group-a-fifa-club-world-cup-2025-1392x927.jpg 1392w, https:\/\/the4thofficial.net\/wp-content\/uploads\/2025\/08\/fc-porto-v-al-ahly-sc-group-a-fifa-club-world-cup-2025-1068x712.jpg 1068w, https:\/\/the4thofficial.net\/wp-content\/uploads\/2025\/08\/fc-porto-v-al-ahly-sc-group-a-fifa-club-world-cup-2025-1920x1279.jpg 1920w, https:\/\/the4thofficial.net\/wp-content\/uploads\/2025\/08\/fc-porto-v-al-ahly-sc-group-a-fifa-club-world-cup-2025-630x420.jpg 630w, https:\/\/the4thofficial.net\/wp-content\/uploads\/2025\/08\/fc-porto-v-al-ahly-sc-group-a-fifa-club-world-cup-2025-1261x840.jpg 1261w\" data-sizes=\"(max-width: 2560px) 100vw, 2560px\"><figcaption id=\"caption-attachment-328407\">EAST RUTHERFORD, NEW JERSEY \u2013 JUNE 23: Samu Aghehowa #9 of FC Porto celebrates with William Gomes #7 after scoring his team\u2019s third goal during the FIFA Club World Cup 2025 group A match between FC Porto and Al Ahly SC at MetLife Stadium on June 23, 2025 in East Rutherford, New Jersey. (Photo by David Ramos\/Getty Images)<\/figcaption><\/figure>\n<p>Yet they must stay cautious and keep close tabs on the balance sheet to be compliant with the Premier League\u2019s regulations. Failing to secure a Champions League berth did not help them either, and the fear of losing Ollie Watkins has forced them to explore the available and affordable alternatives who could spearhead their attack.<\/p>\n<h3><strong>Why Aston Villa Should Prioritise Aghehowa Over Openda<\/strong><\/h3>\n<p>Watkins has emerged as a transfer <a href=\"https:\/\/www.nytimes.com\/athletic\/6521471\/2025\/07\/29\/manchester-united-watkins-sesko-transfer\/\">target <\/a>for Manchester United, who are desperate to redeem their lost glory by roping in Premier League-proven stars. Villa prefer to keep hold of their prized asset but might sanction the 29-year-old Englishman\u2019s exit if the right offer arrives. Dominic Calvert-Lewin, available on a Bosman, has been on their wishlist. But the former Everton centre-forward would be brought in as a back-up, regardless of Watkins\u2019 future.<\/p>\n<p>Aghehowa is not the only \u2018number 9\u2019 the Lions are chasing this summer. RB Leipzig\u2019s Lois Openda has been in <a href=\"https:\/\/bulinews.com\/aston-villa-show-interest-openda\">talks<\/a> with them for months, but the German heavyweights might block any move, with Benjamin \u0160e\u0161ko being on Newcastle and Man United\u2019s radar. Despite the hefty price tag, the Porto prospect would be more economical, given the current striker merry-go-round in Europe, and the Spain connection could see him flourish further under the tutelage of Unai Emery.<\/p>\n<\/div>\n","protected":false},"excerpt":{"rendered":"<p>If a recent report from The Daily Mail is believed to be true, Aston Villa reached out to Porto for Samu Aghehowa. But any potential deal won\u2019t be cheap, as the club president Andr\u00e9 Villas-Boas would only entertain an offer in the north of \u00a355m for their striking sensation. The 21-year-old Spanish international progressed through [&hellip;]<\/p>\n","protected":false},"author":12953,"featured_media":12214,"comment_status":"open","ping_status":"open","sticky":false,"template":"","format":"standard","meta":{"footnotes":""},"categories":[1],"tags":[],"class_list":["post-12213","post","type-post","status-publish","format-standard","has-post-thumbnail","hentry","category-uncategorized"],"_links":{"self":[{"href":"https:\/\/wpinitiate.com\/echo-test\/demo76e71539\/wp-json\/wp\/v2\/posts\/12213","targetHints":{"allow":["GET"]}}],"collection":[{"href":"https:\/\/wpinitiate.com\/echo-test\/demo76e71539\/wp-json\/wp\/v2\/posts"}],"about":[{"href":"https:\/\/wpinitiate.com\/echo-test\/demo76e71539\/wp-json\/wp\/v2\/types\/post"}],"author":[{"embeddable":true,"href":"https:\/\/wpinitiate.com\/echo-test\/demo76e71539\/wp-json\/wp\/v2\/users\/12953"}],"replies":[{"embeddable":true,"href":"https:\/\/wpinitiate.com\/echo-test\/demo76e71539\/wp-json\/wp\/v2\/comments?post=12213"}],"version-history":[{"count":0,"href":"https:\/\/wpinitiate.com\/echo-test\/demo76e71539\/wp-json\/wp\/v2\/posts\/12213\/revisions"}],"wp:featuredmedia":[{"embeddable":true,"href":"https:\/\/wpinitiate.com\/echo-test\/demo76e71539\/wp-json\/wp\/v2\/media\/12214"}],"wp:attachment":[{"href":"https:\/\/wpinitiate.com\/echo-test\/demo76e71539\/wp-json\/wp\/v2\/media?parent=12213"}],"wp:term":[{"taxonomy":"category","embeddable":true,"href":"https:\/\/wpinitiate.com\/echo-test\/demo76e71539\/wp-json\/wp\/v2\/categories?post=12213"},{"taxonomy":"post_tag","embeddable":true,"href":"https:\/\/wpinitiate.com\/echo-test\/demo76e71539\/wp-json\/wp\/v2\/tags?post=12213"}],"curies":[{"name":"wp","href":"https:\/\/api.w.org\/{rel}","templated":true}]}}