{"id":12475,"date":"2025-08-07T14:18:23","date_gmt":"2025-08-07T14:18:23","guid":{"rendered":"https:\/\/wpinitiate.com\/echo-test\/demo76e71539\/2025\/08\/07\/frauke-brosius-gersdorf-zieht-kandidatur-fur-verfassungsgericht-zuruck\/"},"modified":"2025-08-07T14:18:23","modified_gmt":"2025-08-07T14:18:23","slug":"frauke-brosius-gersdorf-zieht-kandidatur-fur-verfassungsgericht-zuruck","status":"publish","type":"post","link":"https:\/\/wpinitiate.com\/echo-test\/demo76e71539\/2025\/08\/07\/frauke-brosius-gersdorf-zieht-kandidatur-fur-verfassungsgericht-zuruck\/","title":{"rendered":"Frauke Brosius-Gersdorf zieht Kandidatur f\u00fcr Verfassungsgericht zur\u00fcck"},"content":{"rendered":"<p>Ende eines Personaldramas: Die von der SPD als Kandidatin f\u00fcr das Bundesverfassungsgericht aufgestellte Rechtsprofessorin Frauke Brosius-Gersdorf zieht ihre Kandidatur zur\u00fcck. Ob der Krach in der Regierungskoalition damit beendet ist, bleibt offen.<\/p>\n","protected":false},"excerpt":{"rendered":"<p>Ende eines Personaldramas: Die von der SPD als Kandidatin f\u00fcr das Bundesverfassungsgericht aufgestellte Rechtsprofessorin Frauke Brosius-Gersdorf zieht ihre Kandidatur zur\u00fcck. Ob der Krach in der Regierungskoalition damit beendet ist, bleibt offen.<\/p>\n","protected":false},"author":1,"featured_media":12476,"comment_status":"open","ping_status":"open","sticky":false,"template":"","format":"standard","meta":{"footnotes":""},"categories":[1],"tags":[],"class_list":["post-12475","post","type-post","status-publish","format-standard","has-post-thumbnail","hentry","category-uncategorized"],"_links":{"self":[{"href":"https:\/\/wpinitiate.com\/echo-test\/demo76e71539\/wp-json\/wp\/v2\/posts\/12475","targetHints":{"allow":["GET"]}}],"collection":[{"href":"https:\/\/wpinitiate.com\/echo-test\/demo76e71539\/wp-json\/wp\/v2\/posts"}],"about":[{"href":"https:\/\/wpinitiate.com\/echo-test\/demo76e71539\/wp-json\/wp\/v2\/types\/post"}],"author":[{"embeddable":true,"href":"https:\/\/wpinitiate.com\/echo-test\/demo76e71539\/wp-json\/wp\/v2\/users\/1"}],"replies":[{"embeddable":true,"href":"https:\/\/wpinitiate.com\/echo-test\/demo76e71539\/wp-json\/wp\/v2\/comments?post=12475"}],"version-history":[{"count":0,"href":"https:\/\/wpinitiate.com\/echo-test\/demo76e71539\/wp-json\/wp\/v2\/posts\/12475\/revisions"}],"wp:featuredmedia":[{"embeddable":true,"href":"https:\/\/wpinitiate.com\/echo-test\/demo76e71539\/wp-json\/wp\/v2\/media\/12476"}],"wp:attachment":[{"href":"https:\/\/wpinitiate.com\/echo-test\/demo76e71539\/wp-json\/wp\/v2\/media?parent=12475"}],"wp:term":[{"taxonomy":"category","embeddable":true,"href":"https:\/\/wpinitiate.com\/echo-test\/demo76e71539\/wp-json\/wp\/v2\/categories?post=12475"},{"taxonomy":"post_tag","embeddable":true,"href":"https:\/\/wpinitiate.com\/echo-test\/demo76e71539\/wp-json\/wp\/v2\/tags?post=12475"}],"curies":[{"name":"wp","href":"https:\/\/api.w.org\/{rel}","templated":true}]}}