{"id":1261,"date":"2024-09-24T05:13:18","date_gmt":"2024-09-24T05:13:18","guid":{"rendered":"https:\/\/wpinitiate.com\/echo-test\/demo76e71539\/2024\/09\/24\/dieselaffare-strafprozess-gegen-ex-vw-chef-winterkorn-verschoben\/"},"modified":"2024-09-24T05:13:18","modified_gmt":"2024-09-24T05:13:18","slug":"dieselaffare-strafprozess-gegen-ex-vw-chef-winterkorn-verschoben","status":"publish","type":"post","link":"https:\/\/wpinitiate.com\/echo-test\/demo76e71539\/2024\/09\/24\/dieselaffare-strafprozess-gegen-ex-vw-chef-winterkorn-verschoben\/","title":{"rendered":"Dieselaff\u00e4re: Strafprozess gegen Ex-VW-Chef Winterkorn verschoben"},"content":{"rendered":"<p>Nach jahrelangen Verz\u00f6gerungen sollte der Prozess gegen den fr\u00fcheren VW-Boss Winterkorn dessen Rolle bei der Dieselaff\u00e4re beleuchten. Nun ist nach nur wenigen Verhandlungstagen vorerst wieder Schluss.<\/p>\n","protected":false},"excerpt":{"rendered":"<p>Nach jahrelangen Verz\u00f6gerungen sollte der Prozess gegen den fr\u00fcheren VW-Boss Winterkorn dessen Rolle bei der Dieselaff\u00e4re beleuchten. Nun ist nach nur wenigen Verhandlungstagen vorerst wieder Schluss.<\/p>\n","protected":false},"author":1,"featured_media":1262,"comment_status":"open","ping_status":"open","sticky":false,"template":"","format":"standard","meta":{"footnotes":""},"categories":[1],"tags":[],"class_list":["post-1261","post","type-post","status-publish","format-standard","has-post-thumbnail","hentry","category-uncategorized"],"_links":{"self":[{"href":"https:\/\/wpinitiate.com\/echo-test\/demo76e71539\/wp-json\/wp\/v2\/posts\/1261","targetHints":{"allow":["GET"]}}],"collection":[{"href":"https:\/\/wpinitiate.com\/echo-test\/demo76e71539\/wp-json\/wp\/v2\/posts"}],"about":[{"href":"https:\/\/wpinitiate.com\/echo-test\/demo76e71539\/wp-json\/wp\/v2\/types\/post"}],"author":[{"embeddable":true,"href":"https:\/\/wpinitiate.com\/echo-test\/demo76e71539\/wp-json\/wp\/v2\/users\/1"}],"replies":[{"embeddable":true,"href":"https:\/\/wpinitiate.com\/echo-test\/demo76e71539\/wp-json\/wp\/v2\/comments?post=1261"}],"version-history":[{"count":0,"href":"https:\/\/wpinitiate.com\/echo-test\/demo76e71539\/wp-json\/wp\/v2\/posts\/1261\/revisions"}],"wp:featuredmedia":[{"embeddable":true,"href":"https:\/\/wpinitiate.com\/echo-test\/demo76e71539\/wp-json\/wp\/v2\/media\/1262"}],"wp:attachment":[{"href":"https:\/\/wpinitiate.com\/echo-test\/demo76e71539\/wp-json\/wp\/v2\/media?parent=1261"}],"wp:term":[{"taxonomy":"category","embeddable":true,"href":"https:\/\/wpinitiate.com\/echo-test\/demo76e71539\/wp-json\/wp\/v2\/categories?post=1261"},{"taxonomy":"post_tag","embeddable":true,"href":"https:\/\/wpinitiate.com\/echo-test\/demo76e71539\/wp-json\/wp\/v2\/tags?post=1261"}],"curies":[{"name":"wp","href":"https:\/\/api.w.org\/{rel}","templated":true}]}}