{"id":1293,"date":"2024-09-24T05:13:02","date_gmt":"2024-09-24T05:13:02","guid":{"rendered":"https:\/\/wpinitiate.com\/echo-test\/demo76e71539\/2024\/09\/24\/autogipfel-am-montag-was-die-regierung-vorschlagt-und-opposition-und-verbande-fordern\/"},"modified":"2024-09-24T05:13:02","modified_gmt":"2024-09-24T05:13:02","slug":"autogipfel-am-montag-was-die-regierung-vorschlagt-und-opposition-und-verbande-fordern","status":"publish","type":"post","link":"https:\/\/wpinitiate.com\/echo-test\/demo76e71539\/2024\/09\/24\/autogipfel-am-montag-was-die-regierung-vorschlagt-und-opposition-und-verbande-fordern\/","title":{"rendered":"Autogipfel am Montag: Was die Regierung vorschl\u00e4gt \u2013 und Opposition und Verb\u00e4nde fordern"},"content":{"rendered":"<p>Die Krise in Deutschlands Autoindustrie spitzt sich zu. Bundeswirtschaftsminister Robert Habeck stellt der Autobranche Unterst\u00fctzung in Aussicht \u2013 und will in der Ampelregierung \u00fcber m\u00f6gliche neue F\u00f6rderungen f\u00fcr Elektrowagen beraten.<\/p>\n","protected":false},"excerpt":{"rendered":"<p>Die Krise in Deutschlands Autoindustrie spitzt sich zu. Bundeswirtschaftsminister Robert Habeck stellt der Autobranche Unterst\u00fctzung in Aussicht \u2013 und will in der Ampelregierung \u00fcber m\u00f6gliche neue F\u00f6rderungen f\u00fcr Elektrowagen beraten.<\/p>\n","protected":false},"author":1,"featured_media":1294,"comment_status":"open","ping_status":"open","sticky":false,"template":"","format":"standard","meta":{"footnotes":""},"categories":[1],"tags":[],"class_list":["post-1293","post","type-post","status-publish","format-standard","has-post-thumbnail","hentry","category-uncategorized"],"_links":{"self":[{"href":"https:\/\/wpinitiate.com\/echo-test\/demo76e71539\/wp-json\/wp\/v2\/posts\/1293","targetHints":{"allow":["GET"]}}],"collection":[{"href":"https:\/\/wpinitiate.com\/echo-test\/demo76e71539\/wp-json\/wp\/v2\/posts"}],"about":[{"href":"https:\/\/wpinitiate.com\/echo-test\/demo76e71539\/wp-json\/wp\/v2\/types\/post"}],"author":[{"embeddable":true,"href":"https:\/\/wpinitiate.com\/echo-test\/demo76e71539\/wp-json\/wp\/v2\/users\/1"}],"replies":[{"embeddable":true,"href":"https:\/\/wpinitiate.com\/echo-test\/demo76e71539\/wp-json\/wp\/v2\/comments?post=1293"}],"version-history":[{"count":0,"href":"https:\/\/wpinitiate.com\/echo-test\/demo76e71539\/wp-json\/wp\/v2\/posts\/1293\/revisions"}],"wp:featuredmedia":[{"embeddable":true,"href":"https:\/\/wpinitiate.com\/echo-test\/demo76e71539\/wp-json\/wp\/v2\/media\/1294"}],"wp:attachment":[{"href":"https:\/\/wpinitiate.com\/echo-test\/demo76e71539\/wp-json\/wp\/v2\/media?parent=1293"}],"wp:term":[{"taxonomy":"category","embeddable":true,"href":"https:\/\/wpinitiate.com\/echo-test\/demo76e71539\/wp-json\/wp\/v2\/categories?post=1293"},{"taxonomy":"post_tag","embeddable":true,"href":"https:\/\/wpinitiate.com\/echo-test\/demo76e71539\/wp-json\/wp\/v2\/tags?post=1293"}],"curies":[{"name":"wp","href":"https:\/\/api.w.org\/{rel}","templated":true}]}}