{"id":12957,"date":"2025-08-17T11:28:02","date_gmt":"2025-08-17T11:28:02","guid":{"rendered":"https:\/\/wpinitiate.com\/echo-test\/demo76e71539\/2025\/08\/17\/zollstreit-mit-den-usa-handelsdeal-mit-eu-durch-digital-services-act-gefahrdet\/"},"modified":"2025-08-17T11:28:02","modified_gmt":"2025-08-17T11:28:02","slug":"zollstreit-mit-den-usa-handelsdeal-mit-eu-durch-digital-services-act-gefahrdet","status":"publish","type":"post","link":"https:\/\/wpinitiate.com\/echo-test\/demo76e71539\/2025\/08\/17\/zollstreit-mit-den-usa-handelsdeal-mit-eu-durch-digital-services-act-gefahrdet\/","title":{"rendered":"Zollstreit mit den USA: Handelsdeal mit EU durch Digital Services Act gef\u00e4hrdet"},"content":{"rendered":"<p>Eigentlich sollten die US-Z\u00f6lle auf den Import von Autos aus der EU nach dem Handelsdeal zwischen EU-Kommissionspr\u00e4sidentin Ursula von der Leyen und US-Pr\u00e4sident Donald Trump l\u00e4ngst gesenkt worden sein. Doch offenbar gibt es Streit \u00fcber den Digital Services Act der EU.<\/p>\n","protected":false},"excerpt":{"rendered":"<p>Eigentlich sollten die US-Z\u00f6lle auf den Import von Autos aus der EU nach dem Handelsdeal zwischen EU-Kommissionspr\u00e4sidentin Ursula von der Leyen und US-Pr\u00e4sident Donald Trump l\u00e4ngst gesenkt worden sein. Doch offenbar gibt es Streit \u00fcber den Digital Services Act der EU.<\/p>\n","protected":false},"author":1,"featured_media":12958,"comment_status":"open","ping_status":"open","sticky":false,"template":"","format":"standard","meta":{"footnotes":""},"categories":[1],"tags":[],"class_list":["post-12957","post","type-post","status-publish","format-standard","has-post-thumbnail","hentry","category-uncategorized"],"_links":{"self":[{"href":"https:\/\/wpinitiate.com\/echo-test\/demo76e71539\/wp-json\/wp\/v2\/posts\/12957","targetHints":{"allow":["GET"]}}],"collection":[{"href":"https:\/\/wpinitiate.com\/echo-test\/demo76e71539\/wp-json\/wp\/v2\/posts"}],"about":[{"href":"https:\/\/wpinitiate.com\/echo-test\/demo76e71539\/wp-json\/wp\/v2\/types\/post"}],"author":[{"embeddable":true,"href":"https:\/\/wpinitiate.com\/echo-test\/demo76e71539\/wp-json\/wp\/v2\/users\/1"}],"replies":[{"embeddable":true,"href":"https:\/\/wpinitiate.com\/echo-test\/demo76e71539\/wp-json\/wp\/v2\/comments?post=12957"}],"version-history":[{"count":0,"href":"https:\/\/wpinitiate.com\/echo-test\/demo76e71539\/wp-json\/wp\/v2\/posts\/12957\/revisions"}],"wp:featuredmedia":[{"embeddable":true,"href":"https:\/\/wpinitiate.com\/echo-test\/demo76e71539\/wp-json\/wp\/v2\/media\/12958"}],"wp:attachment":[{"href":"https:\/\/wpinitiate.com\/echo-test\/demo76e71539\/wp-json\/wp\/v2\/media?parent=12957"}],"wp:term":[{"taxonomy":"category","embeddable":true,"href":"https:\/\/wpinitiate.com\/echo-test\/demo76e71539\/wp-json\/wp\/v2\/categories?post=12957"},{"taxonomy":"post_tag","embeddable":true,"href":"https:\/\/wpinitiate.com\/echo-test\/demo76e71539\/wp-json\/wp\/v2\/tags?post=12957"}],"curies":[{"name":"wp","href":"https:\/\/api.w.org\/{rel}","templated":true}]}}