{"id":13075,"date":"2025-08-19T14:06:56","date_gmt":"2025-08-19T14:06:56","guid":{"rendered":"https:\/\/wpinitiate.com\/echo-test\/demo76e71539\/2025\/08\/19\/m-n26-grunder-valentin-stalf-kundigt-ruckzug-als-ceo-an\/"},"modified":"2025-08-19T14:06:56","modified_gmt":"2025-08-19T14:06:56","slug":"m-n26-grunder-valentin-stalf-kundigt-ruckzug-als-ceo-an","status":"publish","type":"post","link":"https:\/\/wpinitiate.com\/echo-test\/demo76e71539\/2025\/08\/19\/m-n26-grunder-valentin-stalf-kundigt-ruckzug-als-ceo-an\/","title":{"rendered":"(m+) N26-Gr\u00fcnder Valentin Stalf k\u00fcndigt R\u00fcckzug als CEO an"},"content":{"rendered":"<p>Im Machtkampf hinter den Kulissen der Digitalbank zeichnet sich eine L\u00f6sung ab: Aufsichtsratschef Marcus Mosen d\u00fcrfte Co-CEO werden, der bisherige Vorstandschef Valentin Stalf wechselt ins Kontrollgremium.<\/p>\n","protected":false},"excerpt":{"rendered":"<p>Im Machtkampf hinter den Kulissen der Digitalbank zeichnet sich eine L\u00f6sung ab: Aufsichtsratschef Marcus Mosen d\u00fcrfte Co-CEO werden, der bisherige Vorstandschef Valentin Stalf wechselt ins Kontrollgremium.<\/p>\n","protected":false},"author":1,"featured_media":13076,"comment_status":"open","ping_status":"open","sticky":false,"template":"","format":"standard","meta":{"footnotes":""},"categories":[1],"tags":[],"class_list":["post-13075","post","type-post","status-publish","format-standard","has-post-thumbnail","hentry","category-uncategorized"],"_links":{"self":[{"href":"https:\/\/wpinitiate.com\/echo-test\/demo76e71539\/wp-json\/wp\/v2\/posts\/13075","targetHints":{"allow":["GET"]}}],"collection":[{"href":"https:\/\/wpinitiate.com\/echo-test\/demo76e71539\/wp-json\/wp\/v2\/posts"}],"about":[{"href":"https:\/\/wpinitiate.com\/echo-test\/demo76e71539\/wp-json\/wp\/v2\/types\/post"}],"author":[{"embeddable":true,"href":"https:\/\/wpinitiate.com\/echo-test\/demo76e71539\/wp-json\/wp\/v2\/users\/1"}],"replies":[{"embeddable":true,"href":"https:\/\/wpinitiate.com\/echo-test\/demo76e71539\/wp-json\/wp\/v2\/comments?post=13075"}],"version-history":[{"count":0,"href":"https:\/\/wpinitiate.com\/echo-test\/demo76e71539\/wp-json\/wp\/v2\/posts\/13075\/revisions"}],"wp:featuredmedia":[{"embeddable":true,"href":"https:\/\/wpinitiate.com\/echo-test\/demo76e71539\/wp-json\/wp\/v2\/media\/13076"}],"wp:attachment":[{"href":"https:\/\/wpinitiate.com\/echo-test\/demo76e71539\/wp-json\/wp\/v2\/media?parent=13075"}],"wp:term":[{"taxonomy":"category","embeddable":true,"href":"https:\/\/wpinitiate.com\/echo-test\/demo76e71539\/wp-json\/wp\/v2\/categories?post=13075"},{"taxonomy":"post_tag","embeddable":true,"href":"https:\/\/wpinitiate.com\/echo-test\/demo76e71539\/wp-json\/wp\/v2\/tags?post=13075"}],"curies":[{"name":"wp","href":"https:\/\/api.w.org\/{rel}","templated":true}]}}