{"id":13089,"date":"2025-08-19T22:28:41","date_gmt":"2025-08-19T22:28:41","guid":{"rendered":"https:\/\/wpinitiate.com\/echo-test\/demo76e71539\/2025\/08\/19\/dienstwagen-check-spitzenpolitiker-fahren-mehrheitlich-klimaschadliche-autos\/"},"modified":"2025-08-19T22:28:41","modified_gmt":"2025-08-19T22:28:41","slug":"dienstwagen-check-spitzenpolitiker-fahren-mehrheitlich-klimaschadliche-autos","status":"publish","type":"post","link":"https:\/\/wpinitiate.com\/echo-test\/demo76e71539\/2025\/08\/19\/dienstwagen-check-spitzenpolitiker-fahren-mehrheitlich-klimaschadliche-autos\/","title":{"rendered":"Dienstwagen-Check: Spitzenpolitiker fahren mehrheitlich klimasch\u00e4dliche Autos"},"content":{"rendered":"<p>Nur eine Minderheit der deutschen Spitzenpolitiker f\u00e4hrt mit einem E-Auto durchs Land, alle anderen sind mit klimasch\u00e4dlichen Fahrzeugen unterwegs. Besonders schlecht schnitten die Regierungschefs der L\u00e4nder beim Test der Deutschen Umwelthilfe ab.<\/p>\n","protected":false},"excerpt":{"rendered":"<p>Nur eine Minderheit der deutschen Spitzenpolitiker f\u00e4hrt mit einem E-Auto durchs Land, alle anderen sind mit klimasch\u00e4dlichen Fahrzeugen unterwegs. Besonders schlecht schnitten die Regierungschefs der L\u00e4nder beim Test der Deutschen Umwelthilfe ab.<\/p>\n","protected":false},"author":1,"featured_media":13090,"comment_status":"open","ping_status":"open","sticky":false,"template":"","format":"standard","meta":{"footnotes":""},"categories":[1],"tags":[],"class_list":["post-13089","post","type-post","status-publish","format-standard","has-post-thumbnail","hentry","category-uncategorized"],"_links":{"self":[{"href":"https:\/\/wpinitiate.com\/echo-test\/demo76e71539\/wp-json\/wp\/v2\/posts\/13089","targetHints":{"allow":["GET"]}}],"collection":[{"href":"https:\/\/wpinitiate.com\/echo-test\/demo76e71539\/wp-json\/wp\/v2\/posts"}],"about":[{"href":"https:\/\/wpinitiate.com\/echo-test\/demo76e71539\/wp-json\/wp\/v2\/types\/post"}],"author":[{"embeddable":true,"href":"https:\/\/wpinitiate.com\/echo-test\/demo76e71539\/wp-json\/wp\/v2\/users\/1"}],"replies":[{"embeddable":true,"href":"https:\/\/wpinitiate.com\/echo-test\/demo76e71539\/wp-json\/wp\/v2\/comments?post=13089"}],"version-history":[{"count":0,"href":"https:\/\/wpinitiate.com\/echo-test\/demo76e71539\/wp-json\/wp\/v2\/posts\/13089\/revisions"}],"wp:featuredmedia":[{"embeddable":true,"href":"https:\/\/wpinitiate.com\/echo-test\/demo76e71539\/wp-json\/wp\/v2\/media\/13090"}],"wp:attachment":[{"href":"https:\/\/wpinitiate.com\/echo-test\/demo76e71539\/wp-json\/wp\/v2\/media?parent=13089"}],"wp:term":[{"taxonomy":"category","embeddable":true,"href":"https:\/\/wpinitiate.com\/echo-test\/demo76e71539\/wp-json\/wp\/v2\/categories?post=13089"},{"taxonomy":"post_tag","embeddable":true,"href":"https:\/\/wpinitiate.com\/echo-test\/demo76e71539\/wp-json\/wp\/v2\/tags?post=13089"}],"curies":[{"name":"wp","href":"https:\/\/api.w.org\/{rel}","templated":true}]}}