{"id":1357,"date":"2024-10-05T20:37:32","date_gmt":"2024-10-05T20:37:32","guid":{"rendered":"https:\/\/wpinitiate.com\/echo-test\/demo76e71539\/2024\/10\/05\/e-auto-branchenverband-kappt-absatzprognose-fur-das-laufende-jahr\/"},"modified":"2024-10-05T20:37:32","modified_gmt":"2024-10-05T20:37:32","slug":"e-auto-branchenverband-kappt-absatzprognose-fur-das-laufende-jahr","status":"publish","type":"post","link":"https:\/\/wpinitiate.com\/echo-test\/demo76e71539\/2024\/10\/05\/e-auto-branchenverband-kappt-absatzprognose-fur-das-laufende-jahr\/","title":{"rendered":"E-Auto: Branchenverband kappt Absatzprognose f\u00fcr das laufende Jahr"},"content":{"rendered":"<p>Der Verband der Automobilindustrie kappt die Prognose f\u00fcr den Elektroauto-Absatz im laufenden Jahr. Der Verband mit Pr\u00e4sidentin Hildegard M\u00fcller rechnet jetzt mit einem R\u00fcckgang um 29 Prozent im Vergleich zum Vorjahr, zuvor waren es noch 25 Prozent.<\/p>\n","protected":false},"excerpt":{"rendered":"<p>Der Verband der Automobilindustrie kappt die Prognose f\u00fcr den Elektroauto-Absatz im laufenden Jahr. Der Verband mit Pr\u00e4sidentin Hildegard M\u00fcller rechnet jetzt mit einem R\u00fcckgang um 29 Prozent im Vergleich zum Vorjahr, zuvor waren es noch 25 Prozent.<\/p>\n","protected":false},"author":1,"featured_media":1358,"comment_status":"open","ping_status":"open","sticky":false,"template":"","format":"standard","meta":{"footnotes":""},"categories":[1],"tags":[],"class_list":["post-1357","post","type-post","status-publish","format-standard","has-post-thumbnail","hentry","category-uncategorized"],"_links":{"self":[{"href":"https:\/\/wpinitiate.com\/echo-test\/demo76e71539\/wp-json\/wp\/v2\/posts\/1357","targetHints":{"allow":["GET"]}}],"collection":[{"href":"https:\/\/wpinitiate.com\/echo-test\/demo76e71539\/wp-json\/wp\/v2\/posts"}],"about":[{"href":"https:\/\/wpinitiate.com\/echo-test\/demo76e71539\/wp-json\/wp\/v2\/types\/post"}],"author":[{"embeddable":true,"href":"https:\/\/wpinitiate.com\/echo-test\/demo76e71539\/wp-json\/wp\/v2\/users\/1"}],"replies":[{"embeddable":true,"href":"https:\/\/wpinitiate.com\/echo-test\/demo76e71539\/wp-json\/wp\/v2\/comments?post=1357"}],"version-history":[{"count":0,"href":"https:\/\/wpinitiate.com\/echo-test\/demo76e71539\/wp-json\/wp\/v2\/posts\/1357\/revisions"}],"wp:featuredmedia":[{"embeddable":true,"href":"https:\/\/wpinitiate.com\/echo-test\/demo76e71539\/wp-json\/wp\/v2\/media\/1358"}],"wp:attachment":[{"href":"https:\/\/wpinitiate.com\/echo-test\/demo76e71539\/wp-json\/wp\/v2\/media?parent=1357"}],"wp:term":[{"taxonomy":"category","embeddable":true,"href":"https:\/\/wpinitiate.com\/echo-test\/demo76e71539\/wp-json\/wp\/v2\/categories?post=1357"},{"taxonomy":"post_tag","embeddable":true,"href":"https:\/\/wpinitiate.com\/echo-test\/demo76e71539\/wp-json\/wp\/v2\/tags?post=1357"}],"curies":[{"name":"wp","href":"https:\/\/api.w.org\/{rel}","templated":true}]}}