{"id":13571,"date":"2025-08-28T17:28:26","date_gmt":"2025-08-28T17:28:26","guid":{"rendered":"https:\/\/wpinitiate.com\/echo-test\/demo76e71539\/2025\/08\/28\/canyon-roman-arnold-kehrt-als-ceo-zuruck\/"},"modified":"2025-08-28T17:28:26","modified_gmt":"2025-08-28T17:28:26","slug":"canyon-roman-arnold-kehrt-als-ceo-zuruck","status":"publish","type":"post","link":"https:\/\/wpinitiate.com\/echo-test\/demo76e71539\/2025\/08\/28\/canyon-roman-arnold-kehrt-als-ceo-zuruck\/","title":{"rendered":"Canyon: Roman Arnold kehrt als CEO zur\u00fcck"},"content":{"rendered":"<p>Gr\u00fcnder Roman Arnold \u00fcbernimmt ab September wieder die operative Spitze des Fahrradherstellers Canyon. Trotz starker Expansion steckte das Unternehmen zuletzt in der Krise: R\u00fcckrufe, Qualit\u00e4tsm\u00e4ngel sowie Millionenverluste im Jahr 2024 setzen Canyon unter Druck.<\/p>\n","protected":false},"excerpt":{"rendered":"<p>Gr\u00fcnder Roman Arnold \u00fcbernimmt ab September wieder die operative Spitze des Fahrradherstellers Canyon. Trotz starker Expansion steckte das Unternehmen zuletzt in der Krise: R\u00fcckrufe, Qualit\u00e4tsm\u00e4ngel sowie Millionenverluste im Jahr 2024 setzen Canyon unter Druck.<\/p>\n","protected":false},"author":1,"featured_media":13572,"comment_status":"open","ping_status":"open","sticky":false,"template":"","format":"standard","meta":{"footnotes":""},"categories":[1],"tags":[],"class_list":["post-13571","post","type-post","status-publish","format-standard","has-post-thumbnail","hentry","category-uncategorized"],"_links":{"self":[{"href":"https:\/\/wpinitiate.com\/echo-test\/demo76e71539\/wp-json\/wp\/v2\/posts\/13571","targetHints":{"allow":["GET"]}}],"collection":[{"href":"https:\/\/wpinitiate.com\/echo-test\/demo76e71539\/wp-json\/wp\/v2\/posts"}],"about":[{"href":"https:\/\/wpinitiate.com\/echo-test\/demo76e71539\/wp-json\/wp\/v2\/types\/post"}],"author":[{"embeddable":true,"href":"https:\/\/wpinitiate.com\/echo-test\/demo76e71539\/wp-json\/wp\/v2\/users\/1"}],"replies":[{"embeddable":true,"href":"https:\/\/wpinitiate.com\/echo-test\/demo76e71539\/wp-json\/wp\/v2\/comments?post=13571"}],"version-history":[{"count":0,"href":"https:\/\/wpinitiate.com\/echo-test\/demo76e71539\/wp-json\/wp\/v2\/posts\/13571\/revisions"}],"wp:featuredmedia":[{"embeddable":true,"href":"https:\/\/wpinitiate.com\/echo-test\/demo76e71539\/wp-json\/wp\/v2\/media\/13572"}],"wp:attachment":[{"href":"https:\/\/wpinitiate.com\/echo-test\/demo76e71539\/wp-json\/wp\/v2\/media?parent=13571"}],"wp:term":[{"taxonomy":"category","embeddable":true,"href":"https:\/\/wpinitiate.com\/echo-test\/demo76e71539\/wp-json\/wp\/v2\/categories?post=13571"},{"taxonomy":"post_tag","embeddable":true,"href":"https:\/\/wpinitiate.com\/echo-test\/demo76e71539\/wp-json\/wp\/v2\/tags?post=13571"}],"curies":[{"name":"wp","href":"https:\/\/api.w.org\/{rel}","templated":true}]}}