{"id":13923,"date":"2025-09-04T14:26:48","date_gmt":"2025-09-04T14:26:48","guid":{"rendered":"https:\/\/wpinitiate.com\/echo-test\/demo76e71539\/2025\/09\/04\/modedesigner-giorgio-armani-gestorben\/"},"modified":"2025-09-04T14:26:48","modified_gmt":"2025-09-04T14:26:48","slug":"modedesigner-giorgio-armani-gestorben","status":"publish","type":"post","link":"https:\/\/wpinitiate.com\/echo-test\/demo76e71539\/2025\/09\/04\/modedesigner-giorgio-armani-gestorben\/","title":{"rendered":"Modedesigner Giorgio Armani gestorben"},"content":{"rendered":"<p>Der italienische Modesch\u00f6pfer Giorgio Armani ist im Alter von 91 Jahren gestorben. Erste Schritte in der Welt der Mode machte er als Schaufensterdekorateur. Heute z\u00e4hlt der Armani-Konzern 8700 Besch\u00e4ftigte. Einen B\u00f6rsengang lehnte Armani ebenso ab wie alle \u00dcbernahmeangebote.<\/p>\n","protected":false},"excerpt":{"rendered":"<p>Der italienische Modesch\u00f6pfer Giorgio Armani ist im Alter von 91 Jahren gestorben. Erste Schritte in der Welt der Mode machte er als Schaufensterdekorateur. Heute z\u00e4hlt der Armani-Konzern 8700 Besch\u00e4ftigte. Einen B\u00f6rsengang lehnte Armani ebenso ab wie alle \u00dcbernahmeangebote.<\/p>\n","protected":false},"author":1,"featured_media":13924,"comment_status":"open","ping_status":"open","sticky":false,"template":"","format":"standard","meta":{"footnotes":""},"categories":[1],"tags":[],"class_list":["post-13923","post","type-post","status-publish","format-standard","has-post-thumbnail","hentry","category-uncategorized"],"_links":{"self":[{"href":"https:\/\/wpinitiate.com\/echo-test\/demo76e71539\/wp-json\/wp\/v2\/posts\/13923","targetHints":{"allow":["GET"]}}],"collection":[{"href":"https:\/\/wpinitiate.com\/echo-test\/demo76e71539\/wp-json\/wp\/v2\/posts"}],"about":[{"href":"https:\/\/wpinitiate.com\/echo-test\/demo76e71539\/wp-json\/wp\/v2\/types\/post"}],"author":[{"embeddable":true,"href":"https:\/\/wpinitiate.com\/echo-test\/demo76e71539\/wp-json\/wp\/v2\/users\/1"}],"replies":[{"embeddable":true,"href":"https:\/\/wpinitiate.com\/echo-test\/demo76e71539\/wp-json\/wp\/v2\/comments?post=13923"}],"version-history":[{"count":0,"href":"https:\/\/wpinitiate.com\/echo-test\/demo76e71539\/wp-json\/wp\/v2\/posts\/13923\/revisions"}],"wp:featuredmedia":[{"embeddable":true,"href":"https:\/\/wpinitiate.com\/echo-test\/demo76e71539\/wp-json\/wp\/v2\/media\/13924"}],"wp:attachment":[{"href":"https:\/\/wpinitiate.com\/echo-test\/demo76e71539\/wp-json\/wp\/v2\/media?parent=13923"}],"wp:term":[{"taxonomy":"category","embeddable":true,"href":"https:\/\/wpinitiate.com\/echo-test\/demo76e71539\/wp-json\/wp\/v2\/categories?post=13923"},{"taxonomy":"post_tag","embeddable":true,"href":"https:\/\/wpinitiate.com\/echo-test\/demo76e71539\/wp-json\/wp\/v2\/tags?post=13923"}],"curies":[{"name":"wp","href":"https:\/\/api.w.org\/{rel}","templated":true}]}}