{"id":14071,"date":"2025-09-08T07:37:07","date_gmt":"2025-09-08T07:37:07","guid":{"rendered":"https:\/\/wpinitiate.com\/echo-test\/demo76e71539\/2025\/09\/08\/mercedes-benz-ola-kallenius-will-preispolitik-in-china-nicht-andern\/"},"modified":"2025-09-08T07:37:07","modified_gmt":"2025-09-08T07:37:07","slug":"mercedes-benz-ola-kallenius-will-preispolitik-in-china-nicht-andern","status":"publish","type":"post","link":"https:\/\/wpinitiate.com\/echo-test\/demo76e71539\/2025\/09\/08\/mercedes-benz-ola-kallenius-will-preispolitik-in-china-nicht-andern\/","title":{"rendered":"Mercedes-Benz: Ola K\u00e4llenius will Preispolitik in China nicht \u00e4ndern"},"content":{"rendered":"<p>Der Wettbewerb in China ist extrem hart. Gleichwohl will Mercedes-Chef Ola K\u00e4llenius den massiven Preiskampf nicht mitmachen \u2013 obwohl der Absatz sinkt.<\/p>\n","protected":false},"excerpt":{"rendered":"<p>Der Wettbewerb in China ist extrem hart. Gleichwohl will Mercedes-Chef Ola K\u00e4llenius den massiven Preiskampf nicht mitmachen \u2013 obwohl der Absatz sinkt.<\/p>\n","protected":false},"author":1,"featured_media":14072,"comment_status":"open","ping_status":"open","sticky":false,"template":"","format":"standard","meta":{"footnotes":""},"categories":[1],"tags":[],"class_list":["post-14071","post","type-post","status-publish","format-standard","has-post-thumbnail","hentry","category-uncategorized"],"_links":{"self":[{"href":"https:\/\/wpinitiate.com\/echo-test\/demo76e71539\/wp-json\/wp\/v2\/posts\/14071","targetHints":{"allow":["GET"]}}],"collection":[{"href":"https:\/\/wpinitiate.com\/echo-test\/demo76e71539\/wp-json\/wp\/v2\/posts"}],"about":[{"href":"https:\/\/wpinitiate.com\/echo-test\/demo76e71539\/wp-json\/wp\/v2\/types\/post"}],"author":[{"embeddable":true,"href":"https:\/\/wpinitiate.com\/echo-test\/demo76e71539\/wp-json\/wp\/v2\/users\/1"}],"replies":[{"embeddable":true,"href":"https:\/\/wpinitiate.com\/echo-test\/demo76e71539\/wp-json\/wp\/v2\/comments?post=14071"}],"version-history":[{"count":0,"href":"https:\/\/wpinitiate.com\/echo-test\/demo76e71539\/wp-json\/wp\/v2\/posts\/14071\/revisions"}],"wp:featuredmedia":[{"embeddable":true,"href":"https:\/\/wpinitiate.com\/echo-test\/demo76e71539\/wp-json\/wp\/v2\/media\/14072"}],"wp:attachment":[{"href":"https:\/\/wpinitiate.com\/echo-test\/demo76e71539\/wp-json\/wp\/v2\/media?parent=14071"}],"wp:term":[{"taxonomy":"category","embeddable":true,"href":"https:\/\/wpinitiate.com\/echo-test\/demo76e71539\/wp-json\/wp\/v2\/categories?post=14071"},{"taxonomy":"post_tag","embeddable":true,"href":"https:\/\/wpinitiate.com\/echo-test\/demo76e71539\/wp-json\/wp\/v2\/tags?post=14071"}],"curies":[{"name":"wp","href":"https:\/\/api.w.org\/{rel}","templated":true}]}}