{"id":14729,"date":"2025-09-20T20:18:02","date_gmt":"2025-09-20T20:18:02","guid":{"rendered":"https:\/\/wpinitiate.com\/echo-test\/demo76e71539\/2025\/09\/20\/deutsche-bahn-evelyn-palla-soll-neue-chefin-werden\/"},"modified":"2025-09-20T20:18:02","modified_gmt":"2025-09-20T20:18:02","slug":"deutsche-bahn-evelyn-palla-soll-neue-chefin-werden","status":"publish","type":"post","link":"https:\/\/wpinitiate.com\/echo-test\/demo76e71539\/2025\/09\/20\/deutsche-bahn-evelyn-palla-soll-neue-chefin-werden\/","title":{"rendered":"Deutsche Bahn: Evelyn Palla soll neue Chefin werden"},"content":{"rendered":"<p>Zum ersten Mal in der Geschichte des Konzerns soll eine Frau die F\u00fchrung der Deutschen Bahn \u00fcbernehmen. Die DB-Regio-Chefin Evelyn Palla \u00fcbernimmt einen der schwierigsten Jobs Deutschlands.<\/p>\n","protected":false},"excerpt":{"rendered":"<p>Zum ersten Mal in der Geschichte des Konzerns soll eine Frau die F\u00fchrung der Deutschen Bahn \u00fcbernehmen. Die DB-Regio-Chefin Evelyn Palla \u00fcbernimmt einen der schwierigsten Jobs Deutschlands.<\/p>\n","protected":false},"author":1,"featured_media":14730,"comment_status":"open","ping_status":"open","sticky":false,"template":"","format":"standard","meta":{"footnotes":""},"categories":[1],"tags":[],"class_list":["post-14729","post","type-post","status-publish","format-standard","has-post-thumbnail","hentry","category-uncategorized"],"_links":{"self":[{"href":"https:\/\/wpinitiate.com\/echo-test\/demo76e71539\/wp-json\/wp\/v2\/posts\/14729","targetHints":{"allow":["GET"]}}],"collection":[{"href":"https:\/\/wpinitiate.com\/echo-test\/demo76e71539\/wp-json\/wp\/v2\/posts"}],"about":[{"href":"https:\/\/wpinitiate.com\/echo-test\/demo76e71539\/wp-json\/wp\/v2\/types\/post"}],"author":[{"embeddable":true,"href":"https:\/\/wpinitiate.com\/echo-test\/demo76e71539\/wp-json\/wp\/v2\/users\/1"}],"replies":[{"embeddable":true,"href":"https:\/\/wpinitiate.com\/echo-test\/demo76e71539\/wp-json\/wp\/v2\/comments?post=14729"}],"version-history":[{"count":0,"href":"https:\/\/wpinitiate.com\/echo-test\/demo76e71539\/wp-json\/wp\/v2\/posts\/14729\/revisions"}],"wp:featuredmedia":[{"embeddable":true,"href":"https:\/\/wpinitiate.com\/echo-test\/demo76e71539\/wp-json\/wp\/v2\/media\/14730"}],"wp:attachment":[{"href":"https:\/\/wpinitiate.com\/echo-test\/demo76e71539\/wp-json\/wp\/v2\/media?parent=14729"}],"wp:term":[{"taxonomy":"category","embeddable":true,"href":"https:\/\/wpinitiate.com\/echo-test\/demo76e71539\/wp-json\/wp\/v2\/categories?post=14729"},{"taxonomy":"post_tag","embeddable":true,"href":"https:\/\/wpinitiate.com\/echo-test\/demo76e71539\/wp-json\/wp\/v2\/tags?post=14729"}],"curies":[{"name":"wp","href":"https:\/\/api.w.org\/{rel}","templated":true}]}}