{"id":14791,"date":"2025-09-22T09:31:15","date_gmt":"2025-09-22T09:31:15","guid":{"rendered":"https:\/\/wpinitiate.com\/echo-test\/demo76e71539\/2025\/09\/22\/neue-chefin-verkleinerter-vorstand-so-will-der-verkehrsminister-die-bahn-wieder-auf-kurs-bringen\/"},"modified":"2025-09-22T09:31:15","modified_gmt":"2025-09-22T09:31:15","slug":"neue-chefin-verkleinerter-vorstand-so-will-der-verkehrsminister-die-bahn-wieder-auf-kurs-bringen","status":"publish","type":"post","link":"https:\/\/wpinitiate.com\/echo-test\/demo76e71539\/2025\/09\/22\/neue-chefin-verkleinerter-vorstand-so-will-der-verkehrsminister-die-bahn-wieder-auf-kurs-bringen\/","title":{"rendered":"Neue Chefin, verkleinerter Vorstand: So will der Verkehrsminister die Bahn wieder auf Kurs bringen"},"content":{"rendered":"<p>In Berlin hat Bundesverkehrsminister Patrick Schnieder seine Pl\u00e4ne f\u00fcr die Deutsche Bahn sowie deren neue Chefin vorgestellt. Dabei schraubte er die Erwartungen an die P\u00fcnktlichkeit erst einmal deutlich herunter.<\/p>\n","protected":false},"excerpt":{"rendered":"<p>In Berlin hat Bundesverkehrsminister Patrick Schnieder seine Pl\u00e4ne f\u00fcr die Deutsche Bahn sowie deren neue Chefin vorgestellt. Dabei schraubte er die Erwartungen an die P\u00fcnktlichkeit erst einmal deutlich herunter.<\/p>\n","protected":false},"author":1,"featured_media":14792,"comment_status":"open","ping_status":"open","sticky":false,"template":"","format":"standard","meta":{"footnotes":""},"categories":[1],"tags":[],"class_list":["post-14791","post","type-post","status-publish","format-standard","has-post-thumbnail","hentry","category-uncategorized"],"_links":{"self":[{"href":"https:\/\/wpinitiate.com\/echo-test\/demo76e71539\/wp-json\/wp\/v2\/posts\/14791","targetHints":{"allow":["GET"]}}],"collection":[{"href":"https:\/\/wpinitiate.com\/echo-test\/demo76e71539\/wp-json\/wp\/v2\/posts"}],"about":[{"href":"https:\/\/wpinitiate.com\/echo-test\/demo76e71539\/wp-json\/wp\/v2\/types\/post"}],"author":[{"embeddable":true,"href":"https:\/\/wpinitiate.com\/echo-test\/demo76e71539\/wp-json\/wp\/v2\/users\/1"}],"replies":[{"embeddable":true,"href":"https:\/\/wpinitiate.com\/echo-test\/demo76e71539\/wp-json\/wp\/v2\/comments?post=14791"}],"version-history":[{"count":0,"href":"https:\/\/wpinitiate.com\/echo-test\/demo76e71539\/wp-json\/wp\/v2\/posts\/14791\/revisions"}],"wp:featuredmedia":[{"embeddable":true,"href":"https:\/\/wpinitiate.com\/echo-test\/demo76e71539\/wp-json\/wp\/v2\/media\/14792"}],"wp:attachment":[{"href":"https:\/\/wpinitiate.com\/echo-test\/demo76e71539\/wp-json\/wp\/v2\/media?parent=14791"}],"wp:term":[{"taxonomy":"category","embeddable":true,"href":"https:\/\/wpinitiate.com\/echo-test\/demo76e71539\/wp-json\/wp\/v2\/categories?post=14791"},{"taxonomy":"post_tag","embeddable":true,"href":"https:\/\/wpinitiate.com\/echo-test\/demo76e71539\/wp-json\/wp\/v2\/tags?post=14791"}],"curies":[{"name":"wp","href":"https:\/\/api.w.org\/{rel}","templated":true}]}}