{"id":14917,"date":"2025-09-24T10:57:17","date_gmt":"2025-09-24T10:57:17","guid":{"rendered":"https:\/\/wpinitiate.com\/echo-test\/demo76e71539\/2025\/09\/24\/mercedes-benz-zweiter-umbau-der-fuhrungsebene-innerhalb-eines-jahres\/"},"modified":"2025-09-24T10:57:17","modified_gmt":"2025-09-24T10:57:17","slug":"mercedes-benz-zweiter-umbau-der-fuhrungsebene-innerhalb-eines-jahres","status":"publish","type":"post","link":"https:\/\/wpinitiate.com\/echo-test\/demo76e71539\/2025\/09\/24\/mercedes-benz-zweiter-umbau-der-fuhrungsebene-innerhalb-eines-jahres\/","title":{"rendered":"Mercedes-Benz: Zweiter Umbau der F\u00fchrungsebene innerhalb eines Jahres"},"content":{"rendered":"<p>Die Stuttgarter sortieren sich auf F\u00fchrungsebene neu. Markus Sch\u00e4fer scheidet aus, seinen Posten \u00fcbernimmt J\u00f6rg Burzer. Michael Schiebe r\u00fcckt neu in den Vorstand auf. Es ist der zweite gr\u00f6\u00dfere Umbau innerhalb eines Jahres.<\/p>\n","protected":false},"excerpt":{"rendered":"<p>Die Stuttgarter sortieren sich auf F\u00fchrungsebene neu. Markus Sch\u00e4fer scheidet aus, seinen Posten \u00fcbernimmt J\u00f6rg Burzer. Michael Schiebe r\u00fcckt neu in den Vorstand auf. Es ist der zweite gr\u00f6\u00dfere Umbau innerhalb eines Jahres.<\/p>\n","protected":false},"author":1,"featured_media":14918,"comment_status":"open","ping_status":"open","sticky":false,"template":"","format":"standard","meta":{"footnotes":""},"categories":[1],"tags":[],"class_list":["post-14917","post","type-post","status-publish","format-standard","has-post-thumbnail","hentry","category-uncategorized"],"_links":{"self":[{"href":"https:\/\/wpinitiate.com\/echo-test\/demo76e71539\/wp-json\/wp\/v2\/posts\/14917","targetHints":{"allow":["GET"]}}],"collection":[{"href":"https:\/\/wpinitiate.com\/echo-test\/demo76e71539\/wp-json\/wp\/v2\/posts"}],"about":[{"href":"https:\/\/wpinitiate.com\/echo-test\/demo76e71539\/wp-json\/wp\/v2\/types\/post"}],"author":[{"embeddable":true,"href":"https:\/\/wpinitiate.com\/echo-test\/demo76e71539\/wp-json\/wp\/v2\/users\/1"}],"replies":[{"embeddable":true,"href":"https:\/\/wpinitiate.com\/echo-test\/demo76e71539\/wp-json\/wp\/v2\/comments?post=14917"}],"version-history":[{"count":0,"href":"https:\/\/wpinitiate.com\/echo-test\/demo76e71539\/wp-json\/wp\/v2\/posts\/14917\/revisions"}],"wp:featuredmedia":[{"embeddable":true,"href":"https:\/\/wpinitiate.com\/echo-test\/demo76e71539\/wp-json\/wp\/v2\/media\/14918"}],"wp:attachment":[{"href":"https:\/\/wpinitiate.com\/echo-test\/demo76e71539\/wp-json\/wp\/v2\/media?parent=14917"}],"wp:term":[{"taxonomy":"category","embeddable":true,"href":"https:\/\/wpinitiate.com\/echo-test\/demo76e71539\/wp-json\/wp\/v2\/categories?post=14917"},{"taxonomy":"post_tag","embeddable":true,"href":"https:\/\/wpinitiate.com\/echo-test\/demo76e71539\/wp-json\/wp\/v2\/tags?post=14917"}],"curies":[{"name":"wp","href":"https:\/\/api.w.org\/{rel}","templated":true}]}}