{"id":15277,"date":"2025-09-30T21:01:44","date_gmt":"2025-09-30T21:01:44","guid":{"rendered":"https:\/\/wpinitiate.com\/echo-test\/demo76e71539\/2025\/09\/30\/aarons-to-start-predicted-4-3-3-rangers-lineup-to-face-sturm-graz\/"},"modified":"2025-09-30T21:01:44","modified_gmt":"2025-09-30T21:01:44","slug":"aarons-to-start-predicted-4-3-3-rangers-lineup-to-face-sturm-graz","status":"publish","type":"post","link":"https:\/\/wpinitiate.com\/echo-test\/demo76e71539\/2025\/09\/30\/aarons-to-start-predicted-4-3-3-rangers-lineup-to-face-sturm-graz\/","title":{"rendered":"Aarons To Start? | Predicted 4-3-3 Rangers Lineup To Face Sturm Graz"},"content":{"rendered":"<div>\n<p>A hard-fought last-gasp victory against Livingston should boost the spirit in the Rangers camp ahead of their trip to Austria to clash heads with SK Sturm Graz for the upcoming Europa League group phase encounter. Having lost their respective opening gameweek fixtures, both teams would aim for all three points on Thursday night to stay in the hunt for a knockout spot.<\/p>\n<p>Sturm Graz, the reigning Austrian champions, have made a strong start to their Bundesliga campaign. Rangers, in contrast, have only climbed out of the relegation zone by clinching their first league win last weekend. However, they must build some momentum across competitions to ease the pressure off Russell Martin, who is under immense pressure after a dreadful start to their season.<\/p>\n<h3><strong>Defence<\/strong><\/h3>\n<p>It has not been an easy ride for Jack Butland, despite reclaiming his \u2018number 1\u2019 status. The Light Blues are leaking goals due to defensive frailties, and the veteran Englishman might undergo another tricky test this midweek.<\/p>\n<figure id=\"attachment_328998\" aria-describedby=\"caption-attachment-328998\"><img loading=\"lazy\" data-lazyloaded=\"1\" decoding=\"async\" src=\"http:\/\/the4thofficial.net\/wp-content\/uploads\/2025\/08\/rangers-v-viktoria-plzen-uefa-champions-league-second-qualifying-round-first-leg-scaled.jpg\" alt=\"Rangers winger Antman in action against Viktoria Plzen\" width=\"2560\" height=\"1769\" srcset=\"https:\/\/the4thofficial.net\/wp-content\/uploads\/2025\/08\/rangers-v-viktoria-plzen-uefa-champions-league-second-qualifying-round-first-leg-scaled.jpg 2560w, https:\/\/the4thofficial.net\/wp-content\/uploads\/2025\/08\/rangers-v-viktoria-plzen-uefa-champions-league-second-qualifying-round-first-leg-300x207.jpg 300w, https:\/\/the4thofficial.net\/wp-content\/uploads\/2025\/08\/rangers-v-viktoria-plzen-uefa-champions-league-second-qualifying-round-first-leg-1024x708.jpg 1024w, https:\/\/the4thofficial.net\/wp-content\/uploads\/2025\/08\/rangers-v-viktoria-plzen-uefa-champions-league-second-qualifying-round-first-leg-768x531.jpg 768w, https:\/\/the4thofficial.net\/wp-content\/uploads\/2025\/08\/rangers-v-viktoria-plzen-uefa-champions-league-second-qualifying-round-first-leg-1536x1061.jpg 1536w, https:\/\/the4thofficial.net\/wp-content\/uploads\/2025\/08\/rangers-v-viktoria-plzen-uefa-champions-league-second-qualifying-round-first-leg-2048x1415.jpg 2048w, https:\/\/the4thofficial.net\/wp-content\/uploads\/2025\/08\/rangers-v-viktoria-plzen-uefa-champions-league-second-qualifying-round-first-leg-150x104.jpg 150w, https:\/\/the4thofficial.net\/wp-content\/uploads\/2025\/08\/rangers-v-viktoria-plzen-uefa-champions-league-second-qualifying-round-first-leg-218x150.jpg 218w, https:\/\/the4thofficial.net\/wp-content\/uploads\/2025\/08\/rangers-v-viktoria-plzen-uefa-champions-league-second-qualifying-round-first-leg-436x300.jpg 436w, https:\/\/the4thofficial.net\/wp-content\/uploads\/2025\/08\/rangers-v-viktoria-plzen-uefa-champions-league-second-qualifying-round-first-leg-600x415.jpg 600w, https:\/\/the4thofficial.net\/wp-content\/uploads\/2025\/08\/rangers-v-viktoria-plzen-uefa-champions-league-second-qualifying-round-first-leg-696x481.jpg 696w, https:\/\/the4thofficial.net\/wp-content\/uploads\/2025\/08\/rangers-v-viktoria-plzen-uefa-champions-league-second-qualifying-round-first-leg-1392x962.jpg 1392w, https:\/\/the4thofficial.net\/wp-content\/uploads\/2025\/08\/rangers-v-viktoria-plzen-uefa-champions-league-second-qualifying-round-first-leg-1068x738.jpg 1068w, https:\/\/the4thofficial.net\/wp-content\/uploads\/2025\/08\/rangers-v-viktoria-plzen-uefa-champions-league-second-qualifying-round-first-leg-1920x1327.jpg 1920w, https:\/\/the4thofficial.net\/wp-content\/uploads\/2025\/08\/rangers-v-viktoria-plzen-uefa-champions-league-second-qualifying-round-first-leg-608x420.jpg 608w, https:\/\/the4thofficial.net\/wp-content\/uploads\/2025\/08\/rangers-v-viktoria-plzen-uefa-champions-league-second-qualifying-round-first-leg-1216x840.jpg 1216w, https:\/\/the4thofficial.net\/wp-content\/uploads\/2025\/08\/rangers-v-viktoria-plzen-uefa-champions-league-second-qualifying-round-first-leg-100x70.jpg 100w\" data-sizes=\"(max-width: 2560px) 100vw, 2560px\"><figcaption id=\"caption-attachment-328998\">GLASGOW, SCOTLAND \u2013 AUGUST 05: Oliver Antman of Rangers vies with Karel Sp\u00e1\u010dil of FC Viktoria Plze\u0148 during the UEFA Champions League Third Qualifying Round First Leg match between Rangers and Viktoria Plze\u0148 at Ibrox Stadium on August 05, 2025, in Glasgow, Scotland. (Photo by Ian MacNicol\/Getty Images)<\/figcaption><\/figure>\n<p>Skipper James Tavernier missed from the spot minutes after scoring an exquisite goal against Livi. He must maintain his balance between attack and defence while featuring from the right. Additionally, the central defensive duo of John Souttar and Derek Cornelius must demonstrate composure and resilience in the heart of the defence. Jayden Meghoma was forced to leave the pitch on Sunday afternoon with an injury concern. He remains the Gers\u2019 only natural left-back, and the manager might turn his attention to Max Aarons, who scored the injury-time winner in West Lothian as a second-half substitute. The on-loan Bournemouth fullback is available again after serving his one-game European suspension.<\/p>\n<h3><strong>Midfield<\/strong><\/h3>\n<p>Besides below-par performances, disciplinary issues have further complicated Martin\u2019s managerial run. <a href=\"https:\/\/the4thofficial.net\/category\/leagues\/scottish-league\/rangers\/\">Rangers<\/a> conceded soon after Mohamed Diomande\u2019s marching order against Genk, and the unavailability of the Ivorian could see the gaffer stick with a three-man midfield of Connor Barron, Nicolas Raskin and Thelo Aasgaard. Barron should operate from the base as a deep-lying playmaker, allowing the rest to operate box-to-box and showcase their creative spark in and around the attacking third. Raskin might slot down the deep and form a \u2018double pivot\u2019 if Martin switches to a 4-2-3-1, deploying Aasgaard as a \u2018number 10\u2019.<\/p>\n<h3><strong>Attack<\/strong><\/h3>\n<p>Rangers have replaced Cyriel Dessers and Hamza Igamane with Bojan Miovski and Youssef Chermiti up top. The latter is expected to start as he did against Genk, but concerns remain over Oliver Antman and Djeidi Gassama\u2019s end product following their summer transfers. The pair should get the nod down the flanks ahead of Mikey Moore and Findlay Curtis.<\/p>\n<p><a href=\"https:\/\/this11.com\"><img loading=\"lazy\" data-lazyloaded=\"1\" width=\"336\" height=\"515\" decoding=\"async\" src=\"https:\/\/this11.com\/play\/ab5dHSGaO.png\" alt=\"football formations\"><\/a><\/p>\n<\/div>\n","protected":false},"excerpt":{"rendered":"<p>A hard-fought last-gasp victory against Livingston should boost the spirit in the Rangers camp ahead of their trip to Austria to clash heads with SK Sturm Graz for the upcoming Europa League group phase encounter. Having lost their respective opening gameweek fixtures, both teams would aim for all three points on Thursday night to stay [&hellip;]<\/p>\n","protected":false},"author":12953,"featured_media":15278,"comment_status":"open","ping_status":"open","sticky":false,"template":"","format":"standard","meta":{"footnotes":""},"categories":[1],"tags":[],"class_list":["post-15277","post","type-post","status-publish","format-standard","has-post-thumbnail","hentry","category-uncategorized"],"_links":{"self":[{"href":"https:\/\/wpinitiate.com\/echo-test\/demo76e71539\/wp-json\/wp\/v2\/posts\/15277","targetHints":{"allow":["GET"]}}],"collection":[{"href":"https:\/\/wpinitiate.com\/echo-test\/demo76e71539\/wp-json\/wp\/v2\/posts"}],"about":[{"href":"https:\/\/wpinitiate.com\/echo-test\/demo76e71539\/wp-json\/wp\/v2\/types\/post"}],"author":[{"embeddable":true,"href":"https:\/\/wpinitiate.com\/echo-test\/demo76e71539\/wp-json\/wp\/v2\/users\/12953"}],"replies":[{"embeddable":true,"href":"https:\/\/wpinitiate.com\/echo-test\/demo76e71539\/wp-json\/wp\/v2\/comments?post=15277"}],"version-history":[{"count":0,"href":"https:\/\/wpinitiate.com\/echo-test\/demo76e71539\/wp-json\/wp\/v2\/posts\/15277\/revisions"}],"wp:featuredmedia":[{"embeddable":true,"href":"https:\/\/wpinitiate.com\/echo-test\/demo76e71539\/wp-json\/wp\/v2\/media\/15278"}],"wp:attachment":[{"href":"https:\/\/wpinitiate.com\/echo-test\/demo76e71539\/wp-json\/wp\/v2\/media?parent=15277"}],"wp:term":[{"taxonomy":"category","embeddable":true,"href":"https:\/\/wpinitiate.com\/echo-test\/demo76e71539\/wp-json\/wp\/v2\/categories?post=15277"},{"taxonomy":"post_tag","embeddable":true,"href":"https:\/\/wpinitiate.com\/echo-test\/demo76e71539\/wp-json\/wp\/v2\/tags?post=15277"}],"curies":[{"name":"wp","href":"https:\/\/api.w.org\/{rel}","templated":true}]}}