{"id":15539,"date":"2025-10-06T08:33:59","date_gmt":"2025-10-06T08:33:59","guid":{"rendered":"https:\/\/wpinitiate.com\/echo-test\/demo76e71539\/2025\/10\/06\/regierungskrise-in-paris-frankreichs-premier-tritt-nach-nur-vier-wochen-zuruck\/"},"modified":"2025-10-06T08:33:59","modified_gmt":"2025-10-06T08:33:59","slug":"regierungskrise-in-paris-frankreichs-premier-tritt-nach-nur-vier-wochen-zuruck","status":"publish","type":"post","link":"https:\/\/wpinitiate.com\/echo-test\/demo76e71539\/2025\/10\/06\/regierungskrise-in-paris-frankreichs-premier-tritt-nach-nur-vier-wochen-zuruck\/","title":{"rendered":"Regierungskrise in Paris: Frankreichs Premier tritt nach nur vier Wochen zur\u00fcck"},"content":{"rendered":"<p>Das ging schnell: In Frankreich ist mit S\u00e9bastien Lecornu bereits der zweite Premierminister binnen weniger Wochen zur\u00fcckgetreten. Lecornu war mit der Verteilung der Schl\u00fcsselressorts in seinem k\u00fcnftigen Kabinett auf Widerstand gesto\u00dfen.<\/p>\n","protected":false},"excerpt":{"rendered":"<p>Das ging schnell: In Frankreich ist mit S\u00e9bastien Lecornu bereits der zweite Premierminister binnen weniger Wochen zur\u00fcckgetreten. Lecornu war mit der Verteilung der Schl\u00fcsselressorts in seinem k\u00fcnftigen Kabinett auf Widerstand gesto\u00dfen.<\/p>\n","protected":false},"author":1,"featured_media":15540,"comment_status":"open","ping_status":"open","sticky":false,"template":"","format":"standard","meta":{"footnotes":""},"categories":[1],"tags":[],"class_list":["post-15539","post","type-post","status-publish","format-standard","has-post-thumbnail","hentry","category-uncategorized"],"_links":{"self":[{"href":"https:\/\/wpinitiate.com\/echo-test\/demo76e71539\/wp-json\/wp\/v2\/posts\/15539","targetHints":{"allow":["GET"]}}],"collection":[{"href":"https:\/\/wpinitiate.com\/echo-test\/demo76e71539\/wp-json\/wp\/v2\/posts"}],"about":[{"href":"https:\/\/wpinitiate.com\/echo-test\/demo76e71539\/wp-json\/wp\/v2\/types\/post"}],"author":[{"embeddable":true,"href":"https:\/\/wpinitiate.com\/echo-test\/demo76e71539\/wp-json\/wp\/v2\/users\/1"}],"replies":[{"embeddable":true,"href":"https:\/\/wpinitiate.com\/echo-test\/demo76e71539\/wp-json\/wp\/v2\/comments?post=15539"}],"version-history":[{"count":0,"href":"https:\/\/wpinitiate.com\/echo-test\/demo76e71539\/wp-json\/wp\/v2\/posts\/15539\/revisions"}],"wp:featuredmedia":[{"embeddable":true,"href":"https:\/\/wpinitiate.com\/echo-test\/demo76e71539\/wp-json\/wp\/v2\/media\/15540"}],"wp:attachment":[{"href":"https:\/\/wpinitiate.com\/echo-test\/demo76e71539\/wp-json\/wp\/v2\/media?parent=15539"}],"wp:term":[{"taxonomy":"category","embeddable":true,"href":"https:\/\/wpinitiate.com\/echo-test\/demo76e71539\/wp-json\/wp\/v2\/categories?post=15539"},{"taxonomy":"post_tag","embeddable":true,"href":"https:\/\/wpinitiate.com\/echo-test\/demo76e71539\/wp-json\/wp\/v2\/tags?post=15539"}],"curies":[{"name":"wp","href":"https:\/\/api.w.org\/{rel}","templated":true}]}}