{"id":15751,"date":"2025-10-09T08:31:25","date_gmt":"2025-10-09T08:31:25","guid":{"rendered":"https:\/\/wpinitiate.com\/echo-test\/demo76e71539\/2025\/10\/09\/m-mercedes-chef-ola-kallenius-ein-gewisser-anteil-verbrenner-nach-2035-2\/"},"modified":"2025-10-09T08:31:25","modified_gmt":"2025-10-09T08:31:25","slug":"m-mercedes-chef-ola-kallenius-ein-gewisser-anteil-verbrenner-nach-2035-2","status":"publish","type":"post","link":"https:\/\/wpinitiate.com\/echo-test\/demo76e71539\/2025\/10\/09\/m-mercedes-chef-ola-kallenius-ein-gewisser-anteil-verbrenner-nach-2035-2\/","title":{"rendered":"(m+) Mercedes-Chef Ola K\u00e4llenius: \u201eEin gewisser Anteil\u201c Verbrenner nach 2035"},"content":{"rendered":"<p>Autogipfel heute im Kanzleramt: Mercedes-Chef Ola K\u00e4llenius, auch Vorsitzender des Herstellerverbandes Acea, verriet dem manager magazin, welche Autos er l\u00e4nger fahren lassen will. Das in Europa geplante Verbrenner-Aus f\u00fcr 2035 will er stoppen.<\/p>\n","protected":false},"excerpt":{"rendered":"<p>Autogipfel heute im Kanzleramt: Mercedes-Chef Ola K\u00e4llenius, auch Vorsitzender des Herstellerverbandes Acea, verriet dem manager magazin, welche Autos er l\u00e4nger fahren lassen will. Das in Europa geplante Verbrenner-Aus f\u00fcr 2035 will er stoppen.<\/p>\n","protected":false},"author":1,"featured_media":15752,"comment_status":"open","ping_status":"open","sticky":false,"template":"","format":"standard","meta":{"footnotes":""},"categories":[1],"tags":[],"class_list":["post-15751","post","type-post","status-publish","format-standard","has-post-thumbnail","hentry","category-uncategorized"],"_links":{"self":[{"href":"https:\/\/wpinitiate.com\/echo-test\/demo76e71539\/wp-json\/wp\/v2\/posts\/15751","targetHints":{"allow":["GET"]}}],"collection":[{"href":"https:\/\/wpinitiate.com\/echo-test\/demo76e71539\/wp-json\/wp\/v2\/posts"}],"about":[{"href":"https:\/\/wpinitiate.com\/echo-test\/demo76e71539\/wp-json\/wp\/v2\/types\/post"}],"author":[{"embeddable":true,"href":"https:\/\/wpinitiate.com\/echo-test\/demo76e71539\/wp-json\/wp\/v2\/users\/1"}],"replies":[{"embeddable":true,"href":"https:\/\/wpinitiate.com\/echo-test\/demo76e71539\/wp-json\/wp\/v2\/comments?post=15751"}],"version-history":[{"count":0,"href":"https:\/\/wpinitiate.com\/echo-test\/demo76e71539\/wp-json\/wp\/v2\/posts\/15751\/revisions"}],"wp:featuredmedia":[{"embeddable":true,"href":"https:\/\/wpinitiate.com\/echo-test\/demo76e71539\/wp-json\/wp\/v2\/media\/15752"}],"wp:attachment":[{"href":"https:\/\/wpinitiate.com\/echo-test\/demo76e71539\/wp-json\/wp\/v2\/media?parent=15751"}],"wp:term":[{"taxonomy":"category","embeddable":true,"href":"https:\/\/wpinitiate.com\/echo-test\/demo76e71539\/wp-json\/wp\/v2\/categories?post=15751"},{"taxonomy":"post_tag","embeddable":true,"href":"https:\/\/wpinitiate.com\/echo-test\/demo76e71539\/wp-json\/wp\/v2\/tags?post=15751"}],"curies":[{"name":"wp","href":"https:\/\/api.w.org\/{rel}","templated":true}]}}