{"id":16071,"date":"2025-10-14T15:31:49","date_gmt":"2025-10-14T15:31:49","guid":{"rendered":"https:\/\/wpinitiate.com\/echo-test\/demo76e71539\/2025\/10\/14\/gesamtmetall-chef-wolf-legt-amt-nieder\/"},"modified":"2025-10-14T15:31:49","modified_gmt":"2025-10-14T15:31:49","slug":"gesamtmetall-chef-wolf-legt-amt-nieder","status":"publish","type":"post","link":"https:\/\/wpinitiate.com\/echo-test\/demo76e71539\/2025\/10\/14\/gesamtmetall-chef-wolf-legt-amt-nieder\/","title":{"rendered":"Gesamtmetall-Chef Wolf legt Amt nieder"},"content":{"rendered":"<p>Die Tarifverhandlungen mit der IG Metall geh\u00f6ren zu den wichtigsten Aufgaben des Pr\u00e4sidenten des Arbeitgeberverbands Gesamtmetall. Amtsinhaber Stefan Wolf zieht sich zur\u00fcck \u2013 vor der kommenden Tarifrunde.<\/p>\n","protected":false},"excerpt":{"rendered":"<p>Die Tarifverhandlungen mit der IG Metall geh\u00f6ren zu den wichtigsten Aufgaben des Pr\u00e4sidenten des Arbeitgeberverbands Gesamtmetall. Amtsinhaber Stefan Wolf zieht sich zur\u00fcck \u2013 vor der kommenden Tarifrunde.<\/p>\n","protected":false},"author":1,"featured_media":16072,"comment_status":"open","ping_status":"open","sticky":false,"template":"","format":"standard","meta":{"footnotes":""},"categories":[1],"tags":[],"class_list":["post-16071","post","type-post","status-publish","format-standard","has-post-thumbnail","hentry","category-uncategorized"],"_links":{"self":[{"href":"https:\/\/wpinitiate.com\/echo-test\/demo76e71539\/wp-json\/wp\/v2\/posts\/16071","targetHints":{"allow":["GET"]}}],"collection":[{"href":"https:\/\/wpinitiate.com\/echo-test\/demo76e71539\/wp-json\/wp\/v2\/posts"}],"about":[{"href":"https:\/\/wpinitiate.com\/echo-test\/demo76e71539\/wp-json\/wp\/v2\/types\/post"}],"author":[{"embeddable":true,"href":"https:\/\/wpinitiate.com\/echo-test\/demo76e71539\/wp-json\/wp\/v2\/users\/1"}],"replies":[{"embeddable":true,"href":"https:\/\/wpinitiate.com\/echo-test\/demo76e71539\/wp-json\/wp\/v2\/comments?post=16071"}],"version-history":[{"count":0,"href":"https:\/\/wpinitiate.com\/echo-test\/demo76e71539\/wp-json\/wp\/v2\/posts\/16071\/revisions"}],"wp:featuredmedia":[{"embeddable":true,"href":"https:\/\/wpinitiate.com\/echo-test\/demo76e71539\/wp-json\/wp\/v2\/media\/16072"}],"wp:attachment":[{"href":"https:\/\/wpinitiate.com\/echo-test\/demo76e71539\/wp-json\/wp\/v2\/media?parent=16071"}],"wp:term":[{"taxonomy":"category","embeddable":true,"href":"https:\/\/wpinitiate.com\/echo-test\/demo76e71539\/wp-json\/wp\/v2\/categories?post=16071"},{"taxonomy":"post_tag","embeddable":true,"href":"https:\/\/wpinitiate.com\/echo-test\/demo76e71539\/wp-json\/wp\/v2\/tags?post=16071"}],"curies":[{"name":"wp","href":"https:\/\/api.w.org\/{rel}","templated":true}]}}