{"id":16527,"date":"2025-10-22T11:35:57","date_gmt":"2025-10-22T11:35:57","guid":{"rendered":"https:\/\/wpinitiate.com\/echo-test\/demo76e71539\/2025\/10\/22\/m-veltins-fabian-veltins-soll-chef-der-biermarke-werden-doch-sein-onkel-macht-arger\/"},"modified":"2025-10-22T11:35:57","modified_gmt":"2025-10-22T11:35:57","slug":"m-veltins-fabian-veltins-soll-chef-der-biermarke-werden-doch-sein-onkel-macht-arger","status":"publish","type":"post","link":"https:\/\/wpinitiate.com\/echo-test\/demo76e71539\/2025\/10\/22\/m-veltins-fabian-veltins-soll-chef-der-biermarke-werden-doch-sein-onkel-macht-arger\/","title":{"rendered":"(m+) #Veltins: #Fabian Veltins soll Chef der Biermarke werden. Doch sein Onkel macht \u00c4rger."},"content":{"rendered":"<p>Fabian Veltins soll das Kommando \u00fcber eine der bekanntesten Getr\u00e4nkemarken im Land \u00fcbernehmen. Das ist mutig angesichts des schrumpfenden Biermarkts \u2013 und \u00fcber den Ambitionen liegt auch noch der Schatten des Onkels.<\/p>\n","protected":false},"excerpt":{"rendered":"<p>Fabian Veltins soll das Kommando \u00fcber eine der bekanntesten Getr\u00e4nkemarken im Land \u00fcbernehmen. Das ist mutig angesichts des schrumpfenden Biermarkts \u2013 und \u00fcber den Ambitionen liegt auch noch der Schatten des Onkels.<\/p>\n","protected":false},"author":1,"featured_media":16528,"comment_status":"open","ping_status":"open","sticky":false,"template":"","format":"standard","meta":{"footnotes":""},"categories":[1],"tags":[],"class_list":["post-16527","post","type-post","status-publish","format-standard","has-post-thumbnail","hentry","category-uncategorized"],"_links":{"self":[{"href":"https:\/\/wpinitiate.com\/echo-test\/demo76e71539\/wp-json\/wp\/v2\/posts\/16527","targetHints":{"allow":["GET"]}}],"collection":[{"href":"https:\/\/wpinitiate.com\/echo-test\/demo76e71539\/wp-json\/wp\/v2\/posts"}],"about":[{"href":"https:\/\/wpinitiate.com\/echo-test\/demo76e71539\/wp-json\/wp\/v2\/types\/post"}],"author":[{"embeddable":true,"href":"https:\/\/wpinitiate.com\/echo-test\/demo76e71539\/wp-json\/wp\/v2\/users\/1"}],"replies":[{"embeddable":true,"href":"https:\/\/wpinitiate.com\/echo-test\/demo76e71539\/wp-json\/wp\/v2\/comments?post=16527"}],"version-history":[{"count":0,"href":"https:\/\/wpinitiate.com\/echo-test\/demo76e71539\/wp-json\/wp\/v2\/posts\/16527\/revisions"}],"wp:featuredmedia":[{"embeddable":true,"href":"https:\/\/wpinitiate.com\/echo-test\/demo76e71539\/wp-json\/wp\/v2\/media\/16528"}],"wp:attachment":[{"href":"https:\/\/wpinitiate.com\/echo-test\/demo76e71539\/wp-json\/wp\/v2\/media?parent=16527"}],"wp:term":[{"taxonomy":"category","embeddable":true,"href":"https:\/\/wpinitiate.com\/echo-test\/demo76e71539\/wp-json\/wp\/v2\/categories?post=16527"},{"taxonomy":"post_tag","embeddable":true,"href":"https:\/\/wpinitiate.com\/echo-test\/demo76e71539\/wp-json\/wp\/v2\/tags?post=16527"}],"curies":[{"name":"wp","href":"https:\/\/api.w.org\/{rel}","templated":true}]}}