{"id":17255,"date":"2025-11-04T14:52:30","date_gmt":"2025-11-04T14:52:30","guid":{"rendered":"https:\/\/wpinitiate.com\/echo-test\/demo76e71539\/2025\/11\/04\/tesla-hauptversammlung-norwegens-ol-fonds-lehnt-musks-aktienpaket-ab\/"},"modified":"2025-11-04T14:52:30","modified_gmt":"2025-11-04T14:52:30","slug":"tesla-hauptversammlung-norwegens-ol-fonds-lehnt-musks-aktienpaket-ab","status":"publish","type":"post","link":"https:\/\/wpinitiate.com\/echo-test\/demo76e71539\/2025\/11\/04\/tesla-hauptversammlung-norwegens-ol-fonds-lehnt-musks-aktienpaket-ab\/","title":{"rendered":"Tesla-Hauptversammlung: Norwegens \u00d6l-Fonds lehnt Musks Aktienpaket ab"},"content":{"rendered":"<p>Auf der Hauptversammlung von Tesla am Donnerstag steht eine Frage besonders im Fokus: Gew\u00e4hren die Aktion\u00e4re CEO Elon Musk ein sagenhaftes Aktienpaket? Einer der gr\u00f6\u00dften Eigner des Autobauers hat sich nun dagegen ausgesprochen.<\/p>\n","protected":false},"excerpt":{"rendered":"<p>Auf der Hauptversammlung von Tesla am Donnerstag steht eine Frage besonders im Fokus: Gew\u00e4hren die Aktion\u00e4re CEO Elon Musk ein sagenhaftes Aktienpaket? Einer der gr\u00f6\u00dften Eigner des Autobauers hat sich nun dagegen ausgesprochen.<\/p>\n","protected":false},"author":1,"featured_media":17256,"comment_status":"open","ping_status":"open","sticky":false,"template":"","format":"standard","meta":{"footnotes":""},"categories":[1],"tags":[],"class_list":["post-17255","post","type-post","status-publish","format-standard","has-post-thumbnail","hentry","category-uncategorized"],"_links":{"self":[{"href":"https:\/\/wpinitiate.com\/echo-test\/demo76e71539\/wp-json\/wp\/v2\/posts\/17255","targetHints":{"allow":["GET"]}}],"collection":[{"href":"https:\/\/wpinitiate.com\/echo-test\/demo76e71539\/wp-json\/wp\/v2\/posts"}],"about":[{"href":"https:\/\/wpinitiate.com\/echo-test\/demo76e71539\/wp-json\/wp\/v2\/types\/post"}],"author":[{"embeddable":true,"href":"https:\/\/wpinitiate.com\/echo-test\/demo76e71539\/wp-json\/wp\/v2\/users\/1"}],"replies":[{"embeddable":true,"href":"https:\/\/wpinitiate.com\/echo-test\/demo76e71539\/wp-json\/wp\/v2\/comments?post=17255"}],"version-history":[{"count":0,"href":"https:\/\/wpinitiate.com\/echo-test\/demo76e71539\/wp-json\/wp\/v2\/posts\/17255\/revisions"}],"wp:featuredmedia":[{"embeddable":true,"href":"https:\/\/wpinitiate.com\/echo-test\/demo76e71539\/wp-json\/wp\/v2\/media\/17256"}],"wp:attachment":[{"href":"https:\/\/wpinitiate.com\/echo-test\/demo76e71539\/wp-json\/wp\/v2\/media?parent=17255"}],"wp:term":[{"taxonomy":"category","embeddable":true,"href":"https:\/\/wpinitiate.com\/echo-test\/demo76e71539\/wp-json\/wp\/v2\/categories?post=17255"},{"taxonomy":"post_tag","embeddable":true,"href":"https:\/\/wpinitiate.com\/echo-test\/demo76e71539\/wp-json\/wp\/v2\/tags?post=17255"}],"curies":[{"name":"wp","href":"https:\/\/api.w.org\/{rel}","templated":true}]}}