{"id":17718,"date":"2025-11-12T12:34:19","date_gmt":"2025-11-12T12:34:19","guid":{"rendered":"https:\/\/wpinitiate.com\/echo-test\/demo76e71539\/2025\/11\/12\/edeka-preiskampf-mit-ab-inbev-bestellmengen-von-becks-franziskaner-und-corona-werden-reduziert\/"},"modified":"2025-11-12T12:34:19","modified_gmt":"2025-11-12T12:34:19","slug":"edeka-preiskampf-mit-ab-inbev-bestellmengen-von-becks-franziskaner-und-corona-werden-reduziert","status":"publish","type":"post","link":"https:\/\/wpinitiate.com\/echo-test\/demo76e71539\/2025\/11\/12\/edeka-preiskampf-mit-ab-inbev-bestellmengen-von-becks-franziskaner-und-corona-werden-reduziert\/","title":{"rendered":"Edeka: Preiskampf mit AB InBev, Bestellmengen von Becks, Franziskaner und Corona werden reduziert"},"content":{"rendered":"<p>Der Lebensmittelh\u00e4ndler wirft dem weltgr\u00f6\u00dften Brauereikonzern v\u00f6llig \u00fcberzogene Preisforderungen vor. Als erste Ma\u00dfnahme reduziert Edeka nun die Bestellmengen von Marken wie Becks, Franziskaner oder Corona. Eine Auslistung k\u00f6nnte folgen.<\/p>\n","protected":false},"excerpt":{"rendered":"<p>Der Lebensmittelh\u00e4ndler wirft dem weltgr\u00f6\u00dften Brauereikonzern v\u00f6llig \u00fcberzogene Preisforderungen vor. Als erste Ma\u00dfnahme reduziert Edeka nun die Bestellmengen von Marken wie Becks, Franziskaner oder Corona. Eine Auslistung k\u00f6nnte folgen.<\/p>\n","protected":false},"author":1,"featured_media":17719,"comment_status":"open","ping_status":"open","sticky":false,"template":"","format":"standard","meta":{"footnotes":""},"categories":[1],"tags":[],"class_list":["post-17718","post","type-post","status-publish","format-standard","has-post-thumbnail","hentry","category-uncategorized"],"_links":{"self":[{"href":"https:\/\/wpinitiate.com\/echo-test\/demo76e71539\/wp-json\/wp\/v2\/posts\/17718","targetHints":{"allow":["GET"]}}],"collection":[{"href":"https:\/\/wpinitiate.com\/echo-test\/demo76e71539\/wp-json\/wp\/v2\/posts"}],"about":[{"href":"https:\/\/wpinitiate.com\/echo-test\/demo76e71539\/wp-json\/wp\/v2\/types\/post"}],"author":[{"embeddable":true,"href":"https:\/\/wpinitiate.com\/echo-test\/demo76e71539\/wp-json\/wp\/v2\/users\/1"}],"replies":[{"embeddable":true,"href":"https:\/\/wpinitiate.com\/echo-test\/demo76e71539\/wp-json\/wp\/v2\/comments?post=17718"}],"version-history":[{"count":0,"href":"https:\/\/wpinitiate.com\/echo-test\/demo76e71539\/wp-json\/wp\/v2\/posts\/17718\/revisions"}],"wp:featuredmedia":[{"embeddable":true,"href":"https:\/\/wpinitiate.com\/echo-test\/demo76e71539\/wp-json\/wp\/v2\/media\/17719"}],"wp:attachment":[{"href":"https:\/\/wpinitiate.com\/echo-test\/demo76e71539\/wp-json\/wp\/v2\/media?parent=17718"}],"wp:term":[{"taxonomy":"category","embeddable":true,"href":"https:\/\/wpinitiate.com\/echo-test\/demo76e71539\/wp-json\/wp\/v2\/categories?post=17718"},{"taxonomy":"post_tag","embeddable":true,"href":"https:\/\/wpinitiate.com\/echo-test\/demo76e71539\/wp-json\/wp\/v2\/tags?post=17718"}],"curies":[{"name":"wp","href":"https:\/\/api.w.org\/{rel}","templated":true}]}}