{"id":18006,"date":"2025-11-18T07:28:40","date_gmt":"2025-11-18T07:28:40","guid":{"rendered":"https:\/\/wpinitiate.com\/echo-test\/demo76e71539\/2025\/11\/18\/larry-summers-us-okonom-zieht-sich-wegen-kontakt-zu-jeffrey-epstein-zuruck\/"},"modified":"2025-11-18T07:28:40","modified_gmt":"2025-11-18T07:28:40","slug":"larry-summers-us-okonom-zieht-sich-wegen-kontakt-zu-jeffrey-epstein-zuruck","status":"publish","type":"post","link":"https:\/\/wpinitiate.com\/echo-test\/demo76e71539\/2025\/11\/18\/larry-summers-us-okonom-zieht-sich-wegen-kontakt-zu-jeffrey-epstein-zuruck\/","title":{"rendered":"Larry Summers: US-\u00d6konom zieht sich wegen Kontakt zu Jeffrey Epstein zur\u00fcck"},"content":{"rendered":"<p>Der Skandal um den verstorbenen Sexualstraft\u00e4ter Epstein zieht weitere Kreise. Ein fr\u00fcherer US-Minister und Harvard-Pr\u00e4sident k\u00fcndigt nun wegen seiner pers\u00f6nlichen Beziehung zu Epstein Konsequenzen an.<\/p>\n","protected":false},"excerpt":{"rendered":"<p>Der Skandal um den verstorbenen Sexualstraft\u00e4ter Epstein zieht weitere Kreise. Ein fr\u00fcherer US-Minister und Harvard-Pr\u00e4sident k\u00fcndigt nun wegen seiner pers\u00f6nlichen Beziehung zu Epstein Konsequenzen an.<\/p>\n","protected":false},"author":1,"featured_media":18007,"comment_status":"open","ping_status":"open","sticky":false,"template":"","format":"standard","meta":{"footnotes":""},"categories":[1],"tags":[],"class_list":["post-18006","post","type-post","status-publish","format-standard","has-post-thumbnail","hentry","category-uncategorized"],"_links":{"self":[{"href":"https:\/\/wpinitiate.com\/echo-test\/demo76e71539\/wp-json\/wp\/v2\/posts\/18006","targetHints":{"allow":["GET"]}}],"collection":[{"href":"https:\/\/wpinitiate.com\/echo-test\/demo76e71539\/wp-json\/wp\/v2\/posts"}],"about":[{"href":"https:\/\/wpinitiate.com\/echo-test\/demo76e71539\/wp-json\/wp\/v2\/types\/post"}],"author":[{"embeddable":true,"href":"https:\/\/wpinitiate.com\/echo-test\/demo76e71539\/wp-json\/wp\/v2\/users\/1"}],"replies":[{"embeddable":true,"href":"https:\/\/wpinitiate.com\/echo-test\/demo76e71539\/wp-json\/wp\/v2\/comments?post=18006"}],"version-history":[{"count":0,"href":"https:\/\/wpinitiate.com\/echo-test\/demo76e71539\/wp-json\/wp\/v2\/posts\/18006\/revisions"}],"wp:featuredmedia":[{"embeddable":true,"href":"https:\/\/wpinitiate.com\/echo-test\/demo76e71539\/wp-json\/wp\/v2\/media\/18007"}],"wp:attachment":[{"href":"https:\/\/wpinitiate.com\/echo-test\/demo76e71539\/wp-json\/wp\/v2\/media?parent=18006"}],"wp:term":[{"taxonomy":"category","embeddable":true,"href":"https:\/\/wpinitiate.com\/echo-test\/demo76e71539\/wp-json\/wp\/v2\/categories?post=18006"},{"taxonomy":"post_tag","embeddable":true,"href":"https:\/\/wpinitiate.com\/echo-test\/demo76e71539\/wp-json\/wp\/v2\/tags?post=18006"}],"curies":[{"name":"wp","href":"https:\/\/api.w.org\/{rel}","templated":true}]}}