{"id":18030,"date":"2025-11-18T12:36:09","date_gmt":"2025-11-18T12:36:09","guid":{"rendered":"https:\/\/wpinitiate.com\/echo-test\/demo76e71539\/2025\/11\/18\/molkerei-gruppe-muller-image-leidet-unter-afd-nahe-des-inhabers-theo-muller\/"},"modified":"2025-11-18T12:36:09","modified_gmt":"2025-11-18T12:36:09","slug":"molkerei-gruppe-muller-image-leidet-unter-afd-nahe-des-inhabers-theo-muller","status":"publish","type":"post","link":"https:\/\/wpinitiate.com\/echo-test\/demo76e71539\/2025\/11\/18\/molkerei-gruppe-muller-image-leidet-unter-afd-nahe-des-inhabers-theo-muller\/","title":{"rendered":"Molkerei-Gruppe M\u00fcller: Image leidet unter AfD-N\u00e4he des Inhabers Theo M\u00fcller"},"content":{"rendered":"<p>Die Unternehmensgruppe Theo M\u00fcller ist mit Slogans wie \u201eAlles M\u00fcller oder was?\u201c bekannt geworden. Nun machen Aktivisten mit der Botschaft \u201eAlles AfD oder was\u201c gegen die N\u00e4he von Inhaber Theo M\u00fcller zur rechtsextremen Partei Front. Dabei leidet das Image des M\u00fcllermilch-Herstellers schon jetzt.<\/p>\n","protected":false},"excerpt":{"rendered":"<p>Die Unternehmensgruppe Theo M\u00fcller ist mit Slogans wie \u201eAlles M\u00fcller oder was?\u201c bekannt geworden. Nun machen Aktivisten mit der Botschaft \u201eAlles AfD oder was\u201c gegen die N\u00e4he von Inhaber Theo M\u00fcller zur rechtsextremen Partei Front. Dabei leidet das Image des M\u00fcllermilch-Herstellers schon jetzt.<\/p>\n","protected":false},"author":1,"featured_media":18031,"comment_status":"open","ping_status":"open","sticky":false,"template":"","format":"standard","meta":{"footnotes":""},"categories":[1],"tags":[],"class_list":["post-18030","post","type-post","status-publish","format-standard","has-post-thumbnail","hentry","category-uncategorized"],"_links":{"self":[{"href":"https:\/\/wpinitiate.com\/echo-test\/demo76e71539\/wp-json\/wp\/v2\/posts\/18030","targetHints":{"allow":["GET"]}}],"collection":[{"href":"https:\/\/wpinitiate.com\/echo-test\/demo76e71539\/wp-json\/wp\/v2\/posts"}],"about":[{"href":"https:\/\/wpinitiate.com\/echo-test\/demo76e71539\/wp-json\/wp\/v2\/types\/post"}],"author":[{"embeddable":true,"href":"https:\/\/wpinitiate.com\/echo-test\/demo76e71539\/wp-json\/wp\/v2\/users\/1"}],"replies":[{"embeddable":true,"href":"https:\/\/wpinitiate.com\/echo-test\/demo76e71539\/wp-json\/wp\/v2\/comments?post=18030"}],"version-history":[{"count":0,"href":"https:\/\/wpinitiate.com\/echo-test\/demo76e71539\/wp-json\/wp\/v2\/posts\/18030\/revisions"}],"wp:featuredmedia":[{"embeddable":true,"href":"https:\/\/wpinitiate.com\/echo-test\/demo76e71539\/wp-json\/wp\/v2\/media\/18031"}],"wp:attachment":[{"href":"https:\/\/wpinitiate.com\/echo-test\/demo76e71539\/wp-json\/wp\/v2\/media?parent=18030"}],"wp:term":[{"taxonomy":"category","embeddable":true,"href":"https:\/\/wpinitiate.com\/echo-test\/demo76e71539\/wp-json\/wp\/v2\/categories?post=18030"},{"taxonomy":"post_tag","embeddable":true,"href":"https:\/\/wpinitiate.com\/echo-test\/demo76e71539\/wp-json\/wp\/v2\/tags?post=18030"}],"curies":[{"name":"wp","href":"https:\/\/api.w.org\/{rel}","templated":true}]}}