{"id":1821,"date":"2024-12-20T17:06:39","date_gmt":"2024-12-20T17:06:39","guid":{"rendered":"https:\/\/wpinitiate.com\/echo-test\/demo76e71539\/2024\/12\/20\/handelsbeziehungen-eu-und-schweiz-wollen-partnerschaft-verstarken\/"},"modified":"2024-12-20T17:06:39","modified_gmt":"2024-12-20T17:06:39","slug":"handelsbeziehungen-eu-und-schweiz-wollen-partnerschaft-verstarken","status":"publish","type":"post","link":"https:\/\/wpinitiate.com\/echo-test\/demo76e71539\/2024\/12\/20\/handelsbeziehungen-eu-und-schweiz-wollen-partnerschaft-verstarken\/","title":{"rendered":"Handelsbeziehungen: EU und Schweiz wollen Partnerschaft verst\u00e4rken"},"content":{"rendered":"<p>Die Schweiz und die EU haben sich auf ein Abkommen f\u00fcr mehr Zusammenarbeit geeinigt. Laut Ursula von der Leyen werde das f\u00fcr \u201egleiche Wettbewerbsbedingungen\u201c sorgen. Bis zur Umsetzung des Abkommens dauert es aber.<\/p>\n","protected":false},"excerpt":{"rendered":"<p>Die Schweiz und die EU haben sich auf ein Abkommen f\u00fcr mehr Zusammenarbeit geeinigt. Laut Ursula von der Leyen werde das f\u00fcr \u201egleiche Wettbewerbsbedingungen\u201c sorgen. Bis zur Umsetzung des Abkommens dauert es aber.<\/p>\n","protected":false},"author":1,"featured_media":1822,"comment_status":"open","ping_status":"open","sticky":false,"template":"","format":"standard","meta":{"footnotes":""},"categories":[1],"tags":[],"class_list":["post-1821","post","type-post","status-publish","format-standard","has-post-thumbnail","hentry","category-uncategorized"],"_links":{"self":[{"href":"https:\/\/wpinitiate.com\/echo-test\/demo76e71539\/wp-json\/wp\/v2\/posts\/1821","targetHints":{"allow":["GET"]}}],"collection":[{"href":"https:\/\/wpinitiate.com\/echo-test\/demo76e71539\/wp-json\/wp\/v2\/posts"}],"about":[{"href":"https:\/\/wpinitiate.com\/echo-test\/demo76e71539\/wp-json\/wp\/v2\/types\/post"}],"author":[{"embeddable":true,"href":"https:\/\/wpinitiate.com\/echo-test\/demo76e71539\/wp-json\/wp\/v2\/users\/1"}],"replies":[{"embeddable":true,"href":"https:\/\/wpinitiate.com\/echo-test\/demo76e71539\/wp-json\/wp\/v2\/comments?post=1821"}],"version-history":[{"count":0,"href":"https:\/\/wpinitiate.com\/echo-test\/demo76e71539\/wp-json\/wp\/v2\/posts\/1821\/revisions"}],"wp:featuredmedia":[{"embeddable":true,"href":"https:\/\/wpinitiate.com\/echo-test\/demo76e71539\/wp-json\/wp\/v2\/media\/1822"}],"wp:attachment":[{"href":"https:\/\/wpinitiate.com\/echo-test\/demo76e71539\/wp-json\/wp\/v2\/media?parent=1821"}],"wp:term":[{"taxonomy":"category","embeddable":true,"href":"https:\/\/wpinitiate.com\/echo-test\/demo76e71539\/wp-json\/wp\/v2\/categories?post=1821"},{"taxonomy":"post_tag","embeddable":true,"href":"https:\/\/wpinitiate.com\/echo-test\/demo76e71539\/wp-json\/wp\/v2\/tags?post=1821"}],"curies":[{"name":"wp","href":"https:\/\/api.w.org\/{rel}","templated":true}]}}