{"id":18386,"date":"2025-11-25T12:26:35","date_gmt":"2025-11-25T12:26:35","guid":{"rendered":"https:\/\/wpinitiate.com\/echo-test\/demo76e71539\/2025\/11\/25\/ifo-umfrage-stimmung-unter-exporteuren-trubt-sich-erneut-ein\/"},"modified":"2025-11-25T12:26:35","modified_gmt":"2025-11-25T12:26:35","slug":"ifo-umfrage-stimmung-unter-exporteuren-trubt-sich-erneut-ein","status":"publish","type":"post","link":"https:\/\/wpinitiate.com\/echo-test\/demo76e71539\/2025\/11\/25\/ifo-umfrage-stimmung-unter-exporteuren-trubt-sich-erneut-ein\/","title":{"rendered":"Ifo-Umfrage: Stimmung unter Exporteuren tr\u00fcbt sich erneut ein"},"content":{"rendered":"<p>Die Stimmung in der deutschen Exportwirtschaft hat sich wieder eingetr\u00fcbt, wie die aktuelle Ifo-Umfrage zeigt. Ifo-Experte Klaus Wohrabe sorgt sich um die Wettbewerbsf\u00e4higkeit Deutschlands.<\/p>\n","protected":false},"excerpt":{"rendered":"<p>Die Stimmung in der deutschen Exportwirtschaft hat sich wieder eingetr\u00fcbt, wie die aktuelle Ifo-Umfrage zeigt. Ifo-Experte Klaus Wohrabe sorgt sich um die Wettbewerbsf\u00e4higkeit Deutschlands.<\/p>\n","protected":false},"author":1,"featured_media":18387,"comment_status":"open","ping_status":"open","sticky":false,"template":"","format":"standard","meta":{"footnotes":""},"categories":[1],"tags":[],"class_list":["post-18386","post","type-post","status-publish","format-standard","has-post-thumbnail","hentry","category-uncategorized"],"_links":{"self":[{"href":"https:\/\/wpinitiate.com\/echo-test\/demo76e71539\/wp-json\/wp\/v2\/posts\/18386","targetHints":{"allow":["GET"]}}],"collection":[{"href":"https:\/\/wpinitiate.com\/echo-test\/demo76e71539\/wp-json\/wp\/v2\/posts"}],"about":[{"href":"https:\/\/wpinitiate.com\/echo-test\/demo76e71539\/wp-json\/wp\/v2\/types\/post"}],"author":[{"embeddable":true,"href":"https:\/\/wpinitiate.com\/echo-test\/demo76e71539\/wp-json\/wp\/v2\/users\/1"}],"replies":[{"embeddable":true,"href":"https:\/\/wpinitiate.com\/echo-test\/demo76e71539\/wp-json\/wp\/v2\/comments?post=18386"}],"version-history":[{"count":0,"href":"https:\/\/wpinitiate.com\/echo-test\/demo76e71539\/wp-json\/wp\/v2\/posts\/18386\/revisions"}],"wp:featuredmedia":[{"embeddable":true,"href":"https:\/\/wpinitiate.com\/echo-test\/demo76e71539\/wp-json\/wp\/v2\/media\/18387"}],"wp:attachment":[{"href":"https:\/\/wpinitiate.com\/echo-test\/demo76e71539\/wp-json\/wp\/v2\/media?parent=18386"}],"wp:term":[{"taxonomy":"category","embeddable":true,"href":"https:\/\/wpinitiate.com\/echo-test\/demo76e71539\/wp-json\/wp\/v2\/categories?post=18386"},{"taxonomy":"post_tag","embeddable":true,"href":"https:\/\/wpinitiate.com\/echo-test\/demo76e71539\/wp-json\/wp\/v2\/tags?post=18386"}],"curies":[{"name":"wp","href":"https:\/\/api.w.org\/{rel}","templated":true}]}}