{"id":18396,"date":"2025-11-25T16:30:17","date_gmt":"2025-11-25T16:30:17","guid":{"rendered":"https:\/\/wpinitiate.com\/echo-test\/demo76e71539\/2025\/11\/25\/otto-bereichsvorstand-marc-opelt-verlasst-versandhandler\/"},"modified":"2025-11-25T16:30:17","modified_gmt":"2025-11-25T16:30:17","slug":"otto-bereichsvorstand-marc-opelt-verlasst-versandhandler","status":"publish","type":"post","link":"https:\/\/wpinitiate.com\/echo-test\/demo76e71539\/2025\/11\/25\/otto-bereichsvorstand-marc-opelt-verlasst-versandhandler\/","title":{"rendered":"Otto: Bereichsvorstand Marc Opelt verl\u00e4sst Versandh\u00e4ndler"},"content":{"rendered":"<p>Nach mehr als 30 Jahren an Bord und acht Jahren als Chef zieht sich Marc Opelt n\u00e4chstes Jahr in den Ruhestand zur\u00fcck. Zum 1. M\u00e4rz \u00fcbernimmt Vorstandskollege Boris Ewenstein die F\u00fchrung der Unternehmenstochter f\u00fcr den Online-Handel.<\/p>\n","protected":false},"excerpt":{"rendered":"<p>Nach mehr als 30 Jahren an Bord und acht Jahren als Chef zieht sich Marc Opelt n\u00e4chstes Jahr in den Ruhestand zur\u00fcck. Zum 1. M\u00e4rz \u00fcbernimmt Vorstandskollege Boris Ewenstein die F\u00fchrung der Unternehmenstochter f\u00fcr den Online-Handel.<\/p>\n","protected":false},"author":1,"featured_media":18397,"comment_status":"open","ping_status":"open","sticky":false,"template":"","format":"standard","meta":{"footnotes":""},"categories":[1],"tags":[],"class_list":["post-18396","post","type-post","status-publish","format-standard","has-post-thumbnail","hentry","category-uncategorized"],"_links":{"self":[{"href":"https:\/\/wpinitiate.com\/echo-test\/demo76e71539\/wp-json\/wp\/v2\/posts\/18396","targetHints":{"allow":["GET"]}}],"collection":[{"href":"https:\/\/wpinitiate.com\/echo-test\/demo76e71539\/wp-json\/wp\/v2\/posts"}],"about":[{"href":"https:\/\/wpinitiate.com\/echo-test\/demo76e71539\/wp-json\/wp\/v2\/types\/post"}],"author":[{"embeddable":true,"href":"https:\/\/wpinitiate.com\/echo-test\/demo76e71539\/wp-json\/wp\/v2\/users\/1"}],"replies":[{"embeddable":true,"href":"https:\/\/wpinitiate.com\/echo-test\/demo76e71539\/wp-json\/wp\/v2\/comments?post=18396"}],"version-history":[{"count":0,"href":"https:\/\/wpinitiate.com\/echo-test\/demo76e71539\/wp-json\/wp\/v2\/posts\/18396\/revisions"}],"wp:featuredmedia":[{"embeddable":true,"href":"https:\/\/wpinitiate.com\/echo-test\/demo76e71539\/wp-json\/wp\/v2\/media\/18397"}],"wp:attachment":[{"href":"https:\/\/wpinitiate.com\/echo-test\/demo76e71539\/wp-json\/wp\/v2\/media?parent=18396"}],"wp:term":[{"taxonomy":"category","embeddable":true,"href":"https:\/\/wpinitiate.com\/echo-test\/demo76e71539\/wp-json\/wp\/v2\/categories?post=18396"},{"taxonomy":"post_tag","embeddable":true,"href":"https:\/\/wpinitiate.com\/echo-test\/demo76e71539\/wp-json\/wp\/v2\/tags?post=18396"}],"curies":[{"name":"wp","href":"https:\/\/api.w.org\/{rel}","templated":true}]}}