{"id":18679,"date":"2025-12-01T12:27:04","date_gmt":"2025-12-01T12:27:04","guid":{"rendered":"https:\/\/wpinitiate.com\/echo-test\/demo76e71539\/2025\/12\/01\/lidl-mutter-und-deutsche-telekom-wollen-wohl-gemeinsamen-ein-grosrechenzentrum-bauen\/"},"modified":"2025-12-01T12:27:04","modified_gmt":"2025-12-01T12:27:04","slug":"lidl-mutter-und-deutsche-telekom-wollen-wohl-gemeinsamen-ein-grosrechenzentrum-bauen","status":"publish","type":"post","link":"https:\/\/wpinitiate.com\/echo-test\/demo76e71539\/2025\/12\/01\/lidl-mutter-und-deutsche-telekom-wollen-wohl-gemeinsamen-ein-grosrechenzentrum-bauen\/","title":{"rendered":"Lidl-Mutter und Deutsche Telekom wollen wohl gemeinsamen ein Gro\u00dfrechenzentrum bauen"},"content":{"rendered":"<p>Die Deutsche Telekom und die Schwarz-Gruppe planen laut Medienberichten, gemeinsam eine von der EU gef\u00f6rderte KI-Gigafactory zu errichten. Ein Finanzinvestor f\u00fcr das milliardenschwere Projekt ist ebenfalls bereits im Gespr\u00e4ch.<\/p>\n","protected":false},"excerpt":{"rendered":"<p>Die Deutsche Telekom und die Schwarz-Gruppe planen laut Medienberichten, gemeinsam eine von der EU gef\u00f6rderte KI-Gigafactory zu errichten. Ein Finanzinvestor f\u00fcr das milliardenschwere Projekt ist ebenfalls bereits im Gespr\u00e4ch.<\/p>\n","protected":false},"author":1,"featured_media":18680,"comment_status":"open","ping_status":"open","sticky":false,"template":"","format":"standard","meta":{"footnotes":""},"categories":[1],"tags":[],"class_list":["post-18679","post","type-post","status-publish","format-standard","has-post-thumbnail","hentry","category-uncategorized"],"_links":{"self":[{"href":"https:\/\/wpinitiate.com\/echo-test\/demo76e71539\/wp-json\/wp\/v2\/posts\/18679","targetHints":{"allow":["GET"]}}],"collection":[{"href":"https:\/\/wpinitiate.com\/echo-test\/demo76e71539\/wp-json\/wp\/v2\/posts"}],"about":[{"href":"https:\/\/wpinitiate.com\/echo-test\/demo76e71539\/wp-json\/wp\/v2\/types\/post"}],"author":[{"embeddable":true,"href":"https:\/\/wpinitiate.com\/echo-test\/demo76e71539\/wp-json\/wp\/v2\/users\/1"}],"replies":[{"embeddable":true,"href":"https:\/\/wpinitiate.com\/echo-test\/demo76e71539\/wp-json\/wp\/v2\/comments?post=18679"}],"version-history":[{"count":0,"href":"https:\/\/wpinitiate.com\/echo-test\/demo76e71539\/wp-json\/wp\/v2\/posts\/18679\/revisions"}],"wp:featuredmedia":[{"embeddable":true,"href":"https:\/\/wpinitiate.com\/echo-test\/demo76e71539\/wp-json\/wp\/v2\/media\/18680"}],"wp:attachment":[{"href":"https:\/\/wpinitiate.com\/echo-test\/demo76e71539\/wp-json\/wp\/v2\/media?parent=18679"}],"wp:term":[{"taxonomy":"category","embeddable":true,"href":"https:\/\/wpinitiate.com\/echo-test\/demo76e71539\/wp-json\/wp\/v2\/categories?post=18679"},{"taxonomy":"post_tag","embeddable":true,"href":"https:\/\/wpinitiate.com\/echo-test\/demo76e71539\/wp-json\/wp\/v2\/tags?post=18679"}],"curies":[{"name":"wp","href":"https:\/\/api.w.org\/{rel}","templated":true}]}}