{"id":18735,"date":"2025-12-02T09:31:06","date_gmt":"2025-12-02T09:31:06","guid":{"rendered":"https:\/\/wpinitiate.com\/echo-test\/demo76e71539\/2025\/12\/02\/m-deutsche-telekom-wie-ceo-tim-hottges-den-konzern-auf-eine-konsolidierungswelle-in-europa-vorbereitet-2\/"},"modified":"2025-12-02T09:31:06","modified_gmt":"2025-12-02T09:31:06","slug":"m-deutsche-telekom-wie-ceo-tim-hottges-den-konzern-auf-eine-konsolidierungswelle-in-europa-vorbereitet-2","status":"publish","type":"post","link":"https:\/\/wpinitiate.com\/echo-test\/demo76e71539\/2025\/12\/02\/m-deutsche-telekom-wie-ceo-tim-hottges-den-konzern-auf-eine-konsolidierungswelle-in-europa-vorbereitet-2\/","title":{"rendered":"(m+) Deutsche Telekom: Wie CEO Tim H\u00f6ttges den Konzern auf eine Konsolidierungswelle in Europa vorbereitet"},"content":{"rendered":"<p>Tim H\u00f6ttges ist auf dem H\u00f6hepunkt seiner Macht, kein Dax-Chef amtiert so lange wie der CEO der Deutschen Telekom. Manche sagen, er habe sich festgesessen. Er selbst glaubt, sein Gewicht werde gerade jetzt gebraucht \u2013 und bereitet sich auf einen gro\u00dfen Deal in Europa vor.<\/p>\n","protected":false},"excerpt":{"rendered":"<p>Tim H\u00f6ttges ist auf dem H\u00f6hepunkt seiner Macht, kein Dax-Chef amtiert so lange wie der CEO der Deutschen Telekom. Manche sagen, er habe sich festgesessen. Er selbst glaubt, sein Gewicht werde gerade jetzt gebraucht \u2013 und bereitet sich auf einen gro\u00dfen Deal in Europa vor.<\/p>\n","protected":false},"author":1,"featured_media":18736,"comment_status":"open","ping_status":"open","sticky":false,"template":"","format":"standard","meta":{"footnotes":""},"categories":[1],"tags":[],"class_list":["post-18735","post","type-post","status-publish","format-standard","has-post-thumbnail","hentry","category-uncategorized"],"_links":{"self":[{"href":"https:\/\/wpinitiate.com\/echo-test\/demo76e71539\/wp-json\/wp\/v2\/posts\/18735","targetHints":{"allow":["GET"]}}],"collection":[{"href":"https:\/\/wpinitiate.com\/echo-test\/demo76e71539\/wp-json\/wp\/v2\/posts"}],"about":[{"href":"https:\/\/wpinitiate.com\/echo-test\/demo76e71539\/wp-json\/wp\/v2\/types\/post"}],"author":[{"embeddable":true,"href":"https:\/\/wpinitiate.com\/echo-test\/demo76e71539\/wp-json\/wp\/v2\/users\/1"}],"replies":[{"embeddable":true,"href":"https:\/\/wpinitiate.com\/echo-test\/demo76e71539\/wp-json\/wp\/v2\/comments?post=18735"}],"version-history":[{"count":0,"href":"https:\/\/wpinitiate.com\/echo-test\/demo76e71539\/wp-json\/wp\/v2\/posts\/18735\/revisions"}],"wp:featuredmedia":[{"embeddable":true,"href":"https:\/\/wpinitiate.com\/echo-test\/demo76e71539\/wp-json\/wp\/v2\/media\/18736"}],"wp:attachment":[{"href":"https:\/\/wpinitiate.com\/echo-test\/demo76e71539\/wp-json\/wp\/v2\/media?parent=18735"}],"wp:term":[{"taxonomy":"category","embeddable":true,"href":"https:\/\/wpinitiate.com\/echo-test\/demo76e71539\/wp-json\/wp\/v2\/categories?post=18735"},{"taxonomy":"post_tag","embeddable":true,"href":"https:\/\/wpinitiate.com\/echo-test\/demo76e71539\/wp-json\/wp\/v2\/tags?post=18735"}],"curies":[{"name":"wp","href":"https:\/\/api.w.org\/{rel}","templated":true}]}}